{"id":358893,"date":"2016-02-18T18:37:17","date_gmt":"2016-02-19T00:37:17","guid":{"rendered":"http:\/\/futboltotal.com.mx\/?p=358893"},"modified":"2016-02-18T18:37:17","modified_gmt":"2016-02-19T00:37:17","slug":"chicharito-podria-salir-del-bayer-leverkusen-en-verano","status":"publish","type":"post","link":"http:\/\/desarrollo.grupomedios.com\/futbol\/destacado-home\/chicharito-podria-salir-del-bayer-leverkusen-en-verano\/2016\/02","title":{"rendered":"Chicharito podr\u00eda salir del Bayer Leverkusen en verano"},"content":{"rendered":"<p>\u00bf<strong>Chicharito<\/strong> podr\u00eda salir del <strong>Bayer Leverkusen<\/strong> en el pr\u00f3ximo verano? S\u00ed. La directiva de las <em>Aspirinas<\/em> reconoci\u00f3 que si llega una oferta tentadora por Javier Hern\u00e1ndez, \u00e9sta se analizar\u00eda, y de convenir a todas las partes no tendr\u00edan problema en darle salida al delantero mexicano.<\/p>\n<p>&#8220;Hoy en d\u00eda no queremos vender a ning\u00fan jugador, queremos mantener el equipo unido, pero somos una empresa comercial y si vienen ofertas exorbitantes, las examinar\u00edamos y ver\u00edamos en qu\u00e9 nos beneficiar\u00edan&#8221;, afirm\u00f3 el presidente ejecutivo del <strong>Bayer Leverkusen<\/strong>, Michael Schade.<\/p>\n<p style=\"text-align: center;\"><span style=\"color: #3366ff;\"><strong><a style=\"color: #3366ff;\" href=\"http:\/\/futboltotal.com.mx\/2016\/02\/la-champions-ataria-a-chicharito-con-el-leverkusen\/\">LEER M\u00c1S: La Champions atar\u00eda a Chicharito con el Leverkusen<\/a><\/strong><\/span><\/p>\n<p>&#8220;Puedo decir que para nosotros Kevin Kampl y Hern\u00e1ndez como un paquete son m\u00e1s importantes que un solo jugador. Si conseguimos lo mismo con cada transferencia, estamos fortaleciendo la calidad de nuestro equipo&#8221;, agreg\u00f3 el dirigente en entrevista con el <em>Daily Star<\/em>.<\/p>\n<p>En las \u00faltimas semanas ha trascendido que diversos equipos europeos tienen en la mira al Chicharito. La prensa alemana afirma que podr\u00eda ser recambio de Robert Lewandowski en el Bayern M\u00fanich, mientras que medios ingleses publicaron que Javier Hern\u00e1ndez figura en la \u00f3rbita del Arsenal y se mantiene en el radar del Liverpool.<\/p>\n<p style=\"text-align: center;\"><span style=\"color: #3366ff;\"><strong><a style=\"color: #3366ff;\" href=\"http:\/\/futboltotal.com.mx\/2016\/02\/chicharito-con-condiciones-similares-al-kun-aguero\/\">LLER M\u00c1S: Chicharito, con condiciones similares al Kun Ag\u00fcero<\/a><\/strong><\/span><\/p>\n<p>\u00bf<strong>Chicharito<\/strong> podr\u00eda salir del <strong>Bayer Leverkusen<\/strong> en el pr\u00f3ximo verano? Con una oferta exorbitante, s\u00ed.<\/p>\n","protected":false},"excerpt":{"rendered":"<p>&#8220;Somos una empresa comercial. Y si vienen ofertas exorbitantes&#8230;&#8221;<\/p>\n","protected":false},"author":20,"featured_media":358895,"comment_status":"closed","ping_status":"closed","sticky":false,"template":"","format":"standard","meta":[],"categories":[5,3839,6718],"tags":[120,4545],"_links":{"self":[{"href":"http:\/\/desarrollo.grupomedios.com\/futbol\/wp-json\/wp\/v2\/posts\/358893"}],"collection":[{"href":"http:\/\/desarrollo.grupomedios.com\/futbol\/wp-json\/wp\/v2\/posts"}],"about":[{"href":"http:\/\/desarrollo.grupomedios.com\/futbol\/wp-json\/wp\/v2\/types\/post"}],"author":[{"embeddable":true,"href":"http:\/\/desarrollo.grupomedios.com\/futbol\/wp-json\/wp\/v2\/users\/20"}],"replies":[{"embeddable":true,"href":"http:\/\/desarrollo.grupomedios.com\/futbol\/wp-json\/wp\/v2\/comments?post=358893"}],"version-history":[{"count":0,"href":"http:\/\/desarrollo.grupomedios.com\/futbol\/wp-json\/wp\/v2\/posts\/358893\/revisions"}],"wp:featuredmedia":[{"embeddable":true,"href":"http:\/\/desarrollo.grupomedios.com\/futbol\/wp-json\/wp\/v2\/media\/358895"}],"wp:attachment":[{"href":"http:\/\/desarrollo.grupomedios.com\/futbol\/wp-json\/wp\/v2\/media?parent=358893"}],"wp:term":[{"taxonomy":"category","embeddable":true,"href":"http:\/\/desarrollo.grupomedios.com\/futbol\/wp-json\/wp\/v2\/categories?post=358893"},{"taxonomy":"post_tag","embeddable":true,"href":"http:\/\/desarrollo.grupomedios.com\/futbol\/wp-json\/wp\/v2\/tags?post=358893"}],"curies":[{"name":"wp","href":"https:\/\/api.w.org\/{rel}","templated":true}]}}