{"id":358903,"date":"2016-02-18T19:17:48","date_gmt":"2016-02-19T01:17:48","guid":{"rendered":"http:\/\/futboltotal.com.mx\/?p=358903"},"modified":"2016-02-18T19:17:48","modified_gmt":"2016-02-19T01:17:48","slug":"puma-lanza-la-nueva-generacion-de-evopower","status":"publish","type":"post","link":"http:\/\/desarrollo.grupomedios.com\/futbol\/futbol-mexicano\/puma-lanza-la-nueva-generacion-de-evopower\/2016\/02","title":{"rendered":"Puma lanza la nueva generaci\u00f3n de evoPOWER"},"content":{"rendered":"<p><strong>Puma<\/strong> present\u00f3 el nuevo <strong>evoPOWER 1.3<\/strong>, zapatos de futbol\u00a0que ofrecen mucho m\u00e1s flexibilidad a trav\u00e9s de la suela, lo que brinda mayor comodidad al momento del golpeo.<\/p>\n<p>Para conocer a fondo los beneficios de los nuevos botines de <strong>Puma<\/strong>, nada mejor que la versi\u00f3n de un futbolista profesional\u2026 <strong>Miguel Mart\u00ednez<\/strong>, jugador de <em>Gallos Blancos<\/em> del Quer\u00e9taro, nos habla del flamante modelo. Y de paso, el defensa argentino revela singulares an\u00e9cdotas.<\/p>\n<p>[video_player]https:\/\/player.vimeo.com\/external\/155904769.hd.mp4?s=0034de57afd552116e2f2d5be3be20fb03ffff5a&amp;profile_id=113[\/video_player]<\/p>\n<p>Cuando se fabric\u00f3 la entresuela del <strong>evoPOWER 1.3<\/strong>, <strong>PUMA<\/strong> se enfoc\u00f3 en la fuerza que viaja desde el tal\u00f3n hasta la punta, as\u00ed como de los lados a la parte media del calzado. El redise\u00f1o mejorado de la de los tachones permite mayor maniobrabilidad y brinda estabilidad extra en la parte media del pie al momento de que el pie se eleva para golpear el bal\u00f3n.<\/p>\n<div id=\"galleryOy1\" style=\"display:none;\"><img alt=\"\" src=\"http:\/\/desarrollo.grupomedios.com\/futbol\/wp-content\/uploads\/2016\/02\/PUMA-evoPOWER_1.jpg\" data-image=\"http:\/\/desarrollo.grupomedios.com\/futbol\/wp-content\/uploads\/2016\/02\/PUMA-evoPOWER_1.jpg\" data-description=\"PUMA-evoPOWER_1\"><img alt=\"\" src=\"http:\/\/desarrollo.grupomedios.com\/futbol\/wp-content\/uploads\/2016\/02\/PUMA-evoPOWER_2.jpg\" data-image=\"http:\/\/desarrollo.grupomedios.com\/futbol\/wp-content\/uploads\/2016\/02\/PUMA-evoPOWER_2.jpg\" data-description=\"PUMA-evoPOWER_2\"><img alt=\"\" src=\"http:\/\/desarrollo.grupomedios.com\/futbol\/wp-content\/uploads\/2016\/02\/PUMA-evoPOWER_3.jpg\" data-image=\"http:\/\/desarrollo.grupomedios.com\/futbol\/wp-content\/uploads\/2016\/02\/PUMA-evoPOWER_3.jpg\" data-description=\"PUMA-evoPOWER_3\"><img alt=\"\" src=\"http:\/\/desarrollo.grupomedios.com\/futbol\/wp-content\/uploads\/2016\/02\/PUMA-evoPOWER_4.jpg\" data-image=\"http:\/\/desarrollo.grupomedios.com\/futbol\/wp-content\/uploads\/2016\/02\/PUMA-evoPOWER_4.jpg\" data-description=\"PUMA-evoPOWER_4\"><img alt=\"\" src=\"http:\/\/desarrollo.grupomedios.com\/futbol\/wp-content\/uploads\/2016\/02\/PUMA-evoPOWER_5.jpg\" data-image=\"http:\/\/desarrollo.grupomedios.com\/futbol\/wp-content\/uploads\/2016\/02\/PUMA-evoPOWER_5.jpg\" data-description=\"PUMA-evoPOWER_5\"><img alt=\"\" src=\"http:\/\/desarrollo.grupomedios.com\/futbol\/wp-content\/uploads\/2016\/02\/PUMA-evoPOWER_6.jpg\" data-image=\"http:\/\/desarrollo.grupomedios.com\/futbol\/wp-content\/uploads\/2016\/02\/PUMA-evoPOWER_6.jpg\" data-description=\"PUMA-evoPOWER_6\"><img alt=\"\" src=\"http:\/\/desarrollo.grupomedios.com\/futbol\/wp-content\/uploads\/2016\/02\/PUMA-evoPOWER_7.jpg\" data-image=\"http:\/\/desarrollo.grupomedios.com\/futbol\/wp-content\/uploads\/2016\/02\/PUMA-evoPOWER_7.jpg\" data-description=\"PUMA-evoPOWER_7\"><img alt=\"\" src=\"http:\/\/desarrollo.grupomedios.com\/futbol\/wp-content\/uploads\/2016\/02\/PUMA-evoPOWER_8.jpg\" data-image=\"http:\/\/desarrollo.grupomedios.com\/futbol\/wp-content\/uploads\/2016\/02\/PUMA-evoPOWER_8.jpg\" data-description=\"PUMA-evoPOWER_8\"><img alt=\"\" src=\"http:\/\/desarrollo.grupomedios.com\/futbol\/wp-content\/uploads\/2016\/02\/PUMA-evoPOWER_9.jpg\" data-image=\"http:\/\/desarrollo.grupomedios.com\/futbol\/wp-content\/uploads\/2016\/02\/PUMA-evoPOWER_9.jpg\" data-description=\"PUMA-evoPOWER_9\"><img alt=\"\" src=\"http:\/\/desarrollo.grupomedios.com\/futbol\/wp-content\/uploads\/2016\/02\/PUMA-evoPOWER_10.jpg\" data-image=\"http:\/\/desarrollo.grupomedios.com\/futbol\/wp-content\/uploads\/2016\/02\/PUMA-evoPOWER_10.jpg\" data-description=\"PUMA-evoPOWER_10\"><\/div>\n        <script>\n        \/\/galeria 1\n        jQuery(document).ready(function(){ \n            var api;\n            api = jQuery(\"#galleryOy1\").unitegallery({\n                carousel_autoplay: false\n            }); \n        });\n        <\/script>\n        \n<p>As\u00ed mismo, el nuevo <strong>evoPOWER 1.3<\/strong> se a\u00f1ade a cualquier tipo de campo sin importar las condiciones.<\/p>\n<p>La capellada cuenta con una cantidad mayor de AccuFoam, comparada con el modelo anterior, lo que permite un golpeo limpio y suave al bal\u00f3n. Finalmente, viene integrado con la tecnolog\u00eda Adap-Lite, que permite emular el movimiento natural del pie.<\/p>\n<p>Todo el nuevo poder de <strong>evoPOWER 1.3<\/strong> estar\u00e1 disponible en puma.com y en tiendas a partir de esta semana.<\/p>\n<p><em>Informaci\u00f3n e im\u00e1genes de Puma<\/em><\/p>\n","protected":false},"excerpt":{"rendered":"<p>El evoPOWER 1.3 reafirma el significado de poder en la cancha<\/p>\n","protected":false},"author":20,"featured_media":358909,"comment_status":"closed","ping_status":"closed","sticky":false,"template":"","format":"standard","meta":[],"categories":[2198,5950],"tags":[4838,5712],"_links":{"self":[{"href":"http:\/\/desarrollo.grupomedios.com\/futbol\/wp-json\/wp\/v2\/posts\/358903"}],"collection":[{"href":"http:\/\/desarrollo.grupomedios.com\/futbol\/wp-json\/wp\/v2\/posts"}],"about":[{"href":"http:\/\/desarrollo.grupomedios.com\/futbol\/wp-json\/wp\/v2\/types\/post"}],"author":[{"embeddable":true,"href":"http:\/\/desarrollo.grupomedios.com\/futbol\/wp-json\/wp\/v2\/users\/20"}],"replies":[{"embeddable":true,"href":"http:\/\/desarrollo.grupomedios.com\/futbol\/wp-json\/wp\/v2\/comments?post=358903"}],"version-history":[{"count":0,"href":"http:\/\/desarrollo.grupomedios.com\/futbol\/wp-json\/wp\/v2\/posts\/358903\/revisions"}],"wp:featuredmedia":[{"embeddable":true,"href":"http:\/\/desarrollo.grupomedios.com\/futbol\/wp-json\/wp\/v2\/media\/358909"}],"wp:attachment":[{"href":"http:\/\/desarrollo.grupomedios.com\/futbol\/wp-json\/wp\/v2\/media?parent=358903"}],"wp:term":[{"taxonomy":"category","embeddable":true,"href":"http:\/\/desarrollo.grupomedios.com\/futbol\/wp-json\/wp\/v2\/categories?post=358903"},{"taxonomy":"post_tag","embeddable":true,"href":"http:\/\/desarrollo.grupomedios.com\/futbol\/wp-json\/wp\/v2\/tags?post=358903"}],"curies":[{"name":"wp","href":"https:\/\/api.w.org\/{rel}","templated":true}]}}