{"id":358980,"date":"2016-02-19T15:40:27","date_gmt":"2016-02-19T21:40:27","guid":{"rendered":"http:\/\/futboltotal.com.mx\/?p=358980"},"modified":"2016-02-19T15:40:27","modified_gmt":"2016-02-19T21:40:27","slug":"cara-a-cara-sambueza-vs-leao","status":"publish","type":"post","link":"http:\/\/desarrollo.grupomedios.com\/futbol\/futbol-mexicano\/cara-a-cara-sambueza-vs-leao\/2016\/02","title":{"rendered":"CARA a CARA | Sambueza vs. Leao | Cl\u00e1sico Joven"},"content":{"rendered":"<p>El pr\u00f3ximo s\u00e1bado se disputar\u00e1 una edici\u00f3n m\u00e1s del\u00a0<strong>Cl\u00e1sico Joven<\/strong>. Las\u00a0<em>\u00c1guilas<\/em>\u00a0del\u00a0<a href=\"http:\/\/www.futboltotal.com.mx\/equipos\/america\/\" target=\"_blank\"><strong>Am\u00e9rica<\/strong><\/a>\u00a0recibir\u00e1n a la\u00a0<em>M\u00e1quina<\/em>\u00a0de\u00a0<a href=\"http:\/\/www.futboltotal.com.mx\/equipos\/cruz-azul\/\" target=\"_blank\"><strong>Cruz Azul<\/strong><\/a>, duelo donde ambas escuadras buscar\u00e1n uno de los triunfos que sus aficiones les exigen en la temporada.<\/p>\n<p>Y de cara al choque entre\u00a0<em>azulcremas<\/em>\u00a0y\u00a0<em>celestes<\/em>, presentamos un enfrentamiento num\u00e9rico entres los mediocampistas\u00a0m\u00e1s regulares\u00a0de ambos equipos en la presente campa\u00f1a: <strong>Rubens\u00a0Sambueza<\/strong>\u00a0y\u00a0<strong>Aldo Leao<\/strong>.<\/p>\n<p><strong>CARA a CARA | Rubens\u00a0Sambueza\u00a0vs. Aldo Leao\u00a0| Cl\u00e1sico Joven<\/strong><\/p>\n<p><a href=\"http:\/\/futboltotal.com.mx\/wp-content\/uploads\/2016\/02\/america-vs-cruz-azul-4.jpg\" rel=\"attachment wp-att-359130\"><img decoding=\"async\" loading=\"lazy\" class=\"alignnone size-full wp-image-359130\" src=\"http:\/\/futboltotal.com.mx\/wp-content\/uploads\/2016\/02\/america-vs-cruz-azul-4.jpg\" alt=\"america-vs-cruz-azul-4\" srcset=\"http:\/\/desarrollo.grupomedios.com\/futbol\/wp-content\/uploads\/2016\/02\/america-vs-cruz-azul-4.jpg 940w, http:\/\/desarrollo.grupomedios.com\/futbol\/wp-content\/uploads\/2016\/02\/america-vs-cruz-azul-4-300x251.jpg 300w, http:\/\/desarrollo.grupomedios.com\/futbol\/wp-content\/uploads\/2016\/02\/america-vs-cruz-azul-4-768x644.jpg 768w\" sizes=\"(max-width: 940px) 100vw, 940px\" \/><\/a><\/p>\n<p><span style=\"color: #ff0000;\"><strong>VIDEO:<\/strong>\u00a0Las 10 cosas que quer\u00edas saber sobre\u2026<strong>\u00a0Rubens Sambueza<\/strong>.<\/span><\/p>\n<p>[video_player]https:\/\/player.vimeo.com\/external\/155704301.hd.mp4?s=48821ef737b9600cdadf0bc6ed9443691bb0ba9b&amp;profile_id=113[\/video_player]<\/p>\n","protected":false},"excerpt":{"rendered":"<p>Enfrentamiento entres los mediocampistas de Am\u00e9rica y Cruz Azul<\/p>\n","protected":false},"author":20,"featured_media":359128,"comment_status":"closed","ping_status":"closed","sticky":false,"template":"","format":"standard","meta":[],"categories":[2198,3845,5950],"tags":[2958,1013],"_links":{"self":[{"href":"http:\/\/desarrollo.grupomedios.com\/futbol\/wp-json\/wp\/v2\/posts\/358980"}],"collection":[{"href":"http:\/\/desarrollo.grupomedios.com\/futbol\/wp-json\/wp\/v2\/posts"}],"about":[{"href":"http:\/\/desarrollo.grupomedios.com\/futbol\/wp-json\/wp\/v2\/types\/post"}],"author":[{"embeddable":true,"href":"http:\/\/desarrollo.grupomedios.com\/futbol\/wp-json\/wp\/v2\/users\/20"}],"replies":[{"embeddable":true,"href":"http:\/\/desarrollo.grupomedios.com\/futbol\/wp-json\/wp\/v2\/comments?post=358980"}],"version-history":[{"count":0,"href":"http:\/\/desarrollo.grupomedios.com\/futbol\/wp-json\/wp\/v2\/posts\/358980\/revisions"}],"wp:featuredmedia":[{"embeddable":true,"href":"http:\/\/desarrollo.grupomedios.com\/futbol\/wp-json\/wp\/v2\/media\/359128"}],"wp:attachment":[{"href":"http:\/\/desarrollo.grupomedios.com\/futbol\/wp-json\/wp\/v2\/media?parent=358980"}],"wp:term":[{"taxonomy":"category","embeddable":true,"href":"http:\/\/desarrollo.grupomedios.com\/futbol\/wp-json\/wp\/v2\/categories?post=358980"},{"taxonomy":"post_tag","embeddable":true,"href":"http:\/\/desarrollo.grupomedios.com\/futbol\/wp-json\/wp\/v2\/tags?post=358980"}],"curies":[{"name":"wp","href":"https:\/\/api.w.org\/{rel}","templated":true}]}}