{"id":359025,"date":"2016-02-18T23:14:00","date_gmt":"2016-02-19T05:14:00","guid":{"rendered":"http:\/\/futboltotal.com.mx\/?p=359025"},"modified":"2016-02-18T23:34:21","modified_gmt":"2016-02-19T05:34:21","slug":"pumas-saca-vibrante-triunfo-en-libertadores","status":"publish","type":"post","link":"http:\/\/desarrollo.grupomedios.com\/futbol\/destacado-home\/pumas-saca-vibrante-triunfo-en-libertadores\/2016\/02","title":{"rendered":"Pumas doblega al Emelec en Copa Libertadores"},"content":{"rendered":"<p>Hay partidos donde el futbol es espect\u00e1culo puro. Hoy en Ciudad Universitaria hubo uno de esos y <strong>Pumas<\/strong> fue el art\u00edfice. En la <strong>Copa Libertadores<\/strong>, donde no se plantaban desde hace una d\u00e9cada, los <em>auriazules\u00a0<\/em>debutaron y, pese a jugar con 10 hombres casi media hora, doblegaron 4-2 al\u00a0<strong>Emelec<\/strong> y se llevaron su primera victoria que los deja l\u00edderes del Grupo 7.<\/p>\n<p>Un gol de vestidor a los 18 segundos de juego -el sexto m\u00e1s r\u00e1pido en la historia de la competici\u00f3n- deton\u00f3 al grito del gol el Ol\u00edmpico Universitario. Luis Qui\u00f1ones desbord\u00f3 por la banda izquierda y sac\u00f3 un centro que Ismael Sosa anid\u00f3 en la red tras cerrar la pinza a segundo poste.<\/p>\n<p style=\"text-align: center;\"><span style=\"color: #3366ff;\"><strong><a style=\"color: #3366ff;\" href=\"http:\/\/futboltotal.com.mx\/2016\/02\/en-vivo-pumas-vs-emelec-copa-libertadores\/\">LEER M\u00c1S: As\u00ed se vivi\u00f3 | Pumas 4-2 Emelec<\/a><\/strong><\/span><\/p>\n<p>El <strong>Emelec\u00a0<\/strong>no baj\u00f3 la guardia\u00a0y respondi\u00f3 a los 19 minutos tras una gran jugada en la que \u00c1ngel Mena tuvo un mano a mano con el portero Palacios y resolvi\u00f3 con una gran definici\u00f3n. El gol, lejos de apaciguar, le prendi\u00f3 la mecha a los <em>felinos, <\/em>que\u00a0reaccionaron cuatro minutos despu\u00e9s con una jugada el\u00e9ctrica: Luis Fuentes apareci\u00f3 por la banda derecha y meti\u00f3 un centro que mando guardar el capit\u00e1n Dar\u00edo Ver\u00f3n, quien no marcaba en el certamen desde hace quince a\u00f1os.<\/p>\n<p>En el complemento, los <em>Univeristarios<\/em> siguieron al abordaje, y de no ser por un par de lances de postal del guardameta Esteban Dreer habr\u00edan ampliado la ventaja de manera considerable. De hecho, el Emelec pudo hacer lo propio e igualar el marcador, pero el portero Alejandro Palacios contuvo un par de embates.<\/p>\n<p>Al minuto 69, el partido se encendi\u00f3. David Cabrera, quien hab\u00eda ingresado de cambio para relevar a Alejandro Castro, cometi\u00f3 una dura entrada y se fue expulsado. Fue entonces cuando el Emelec reaccion\u00f3 e igual\u00f3 el marcador con un tanto de Mena.<\/p>\n<p>Pero Pumas sac\u00f3 la garra y dio lecci\u00f3n de pundonor. Aun con desventaja num\u00e9rica consigui\u00f3 la voltereta al minuto 70. De nueva cuenta Qui\u00f1ones sac\u00f3 un servicio al \u00e1rea y el encargado de mover las redes fue Gerardo Alcoba, quien rompi\u00f3 la marca y sac\u00f3 un frentazo letal. La sentencia lleg\u00f3 de la manera m\u00e1s inesperada: un autogol de Byron Mina tras un intento de remate de Qui\u00f1ones termin\u00f3 en el 4-2.<\/p>\n<p>As\u00ed fue como el cuadro de Guillermo V\u00e1zquez inici\u00f3 el camino en su tercera participaci\u00f3n en\u00a0la m\u00e1xima justa de clubes en Am\u00e9rica. Lo hizo como nunca antes, con una victoria -perdi\u00f3 su primer partido en 2003 y 2006- que cataliza su andadura y le da sus primeros tres puntos en la competencia.<\/p>\n<p><iframe loading=\"lazy\" src=\"https:\/\/www.youtube.com\/embed\/Gprsll2MCFE\" frameborder=\"0\" allowfullscreen=\"allowfullscreen\"><\/iframe><\/p>\n","protected":false},"excerpt":{"rendered":"<p>Los Universitarios dan un partidazo y triunfan 4-2 en Ciudad Universitaria<\/p>\n","protected":false},"author":20,"featured_media":358972,"comment_status":"closed","ping_status":"closed","sticky":false,"template":"","format":"standard","meta":[],"categories":[3859,5,3839,2198,3845],"tags":[1396,382,74],"_links":{"self":[{"href":"http:\/\/desarrollo.grupomedios.com\/futbol\/wp-json\/wp\/v2\/posts\/359025"}],"collection":[{"href":"http:\/\/desarrollo.grupomedios.com\/futbol\/wp-json\/wp\/v2\/posts"}],"about":[{"href":"http:\/\/desarrollo.grupomedios.com\/futbol\/wp-json\/wp\/v2\/types\/post"}],"author":[{"embeddable":true,"href":"http:\/\/desarrollo.grupomedios.com\/futbol\/wp-json\/wp\/v2\/users\/20"}],"replies":[{"embeddable":true,"href":"http:\/\/desarrollo.grupomedios.com\/futbol\/wp-json\/wp\/v2\/comments?post=359025"}],"version-history":[{"count":0,"href":"http:\/\/desarrollo.grupomedios.com\/futbol\/wp-json\/wp\/v2\/posts\/359025\/revisions"}],"wp:featuredmedia":[{"embeddable":true,"href":"http:\/\/desarrollo.grupomedios.com\/futbol\/wp-json\/wp\/v2\/media\/358972"}],"wp:attachment":[{"href":"http:\/\/desarrollo.grupomedios.com\/futbol\/wp-json\/wp\/v2\/media?parent=359025"}],"wp:term":[{"taxonomy":"category","embeddable":true,"href":"http:\/\/desarrollo.grupomedios.com\/futbol\/wp-json\/wp\/v2\/categories?post=359025"},{"taxonomy":"post_tag","embeddable":true,"href":"http:\/\/desarrollo.grupomedios.com\/futbol\/wp-json\/wp\/v2\/tags?post=359025"}],"curies":[{"name":"wp","href":"https:\/\/api.w.org\/{rel}","templated":true}]}}