{"id":359101,"date":"2016-02-19T15:07:05","date_gmt":"2016-02-19T21:07:05","guid":{"rendered":"http:\/\/futboltotal.com.mx\/?p=359101"},"modified":"2016-02-19T17:07:51","modified_gmt":"2016-02-19T23:07:51","slug":"raul-gudino-debuta-en-la-primera-division-de-portugal","status":"publish","type":"post","link":"http:\/\/desarrollo.grupomedios.com\/futbol\/destacado-home\/raul-gudino-debuta-en-la-primera-division-de-portugal\/2016\/02","title":{"rendered":"Ra\u00fal Gudi\u00f1o, con un viernes hist\u00f3rico"},"content":{"rendered":"<p>19 de febrero del 2016 ser\u00e1 una fecha inolvidable para <strong>Ra\u00fal Gudi\u00f1o<\/strong>, que con solo 19 a\u00f1os, debut\u00f3 este viernes en la Primera Divisi\u00f3n de Portugal en el duelo entre Uniao Madeira y Estoril.<\/p>\n<blockquote class=\"twitter-tweet\" data-lang=\"es\">\n<p dir=\"ltr\" lang=\"es\">Ra\u00fal Gudi\u00f1o tiene su debut oficial en la Liga de Portugal con el Uniao Madeira <a href=\"https:\/\/twitter.com\/hashtag\/minutofan?src=hash\">#minutofan<\/a> <a href=\"https:\/\/t.co\/bUmwSukm4Q\">pic.twitter.com\/bUmwSukm4Q<\/a><\/p>\n<p>\u2014 Fansports (@Fansportsmx1) <a href=\"https:\/\/twitter.com\/Fansportsmx1\/status\/700783221122813952\">febrero 19, 2016<\/a><\/p><\/blockquote>\n<p><script src=\"\/\/platform.twitter.com\/widgets.js\" async=\"\" charset=\"utf-8\"><\/script><\/p>\n<p style=\"text-align: center;\"><strong><span style=\"color: #3366ff;\"><a style=\"color: #3366ff;\" href=\"http:\/\/futboltotal.com.mx\/2016\/02\/espectacular-presentacion-de-raul-gudino-con-madeira\/\">LEER M\u00c1S: Espectacular presentaci\u00f3n de Ra\u00fal Gudi\u00f1o con el Madeira. <\/a><\/span><\/strong><\/p>\n<p>Gudi\u00f1o\u00a0fue cedido la pasada semana por el Porto, sin opci\u00f3n a compra, para que tuviera minutos con el Uniao Madeira, tras la lesi\u00f3n de su guardameta titular, Andre Moreira. Este viernes cont\u00f3 con sus primeros minutos como profesional, saltando contra todo pron\u00f3stico de inicio, en\u00a0el\u00a0empate de su equipo ante el\u00a0Estoril (1-1) donde recibi\u00f3 un gol al minuto 85, luego de un rechace que fue bien aprovechado por<\/p>\n<p>Luego de 24 juegos con el Porto B, Ra\u00fal Gudi\u00f1o por fin prob\u00f3 las mieles de la divisi\u00f3n de \u00e9lite lusa, luego de que el pasado fin de semana no entr\u00f3 en la convocatoria de Norton de Matos.<\/p>\n<p style=\"text-align: center;\"><strong><span style=\"color: #3366ff;\"><a style=\"color: #3366ff;\" href=\"http:\/\/futboltotal.com.mx\/2016\/02\/fichajes-que-fueron-una-locura-y-no-rindieron\/\">LEER M\u00c1S: Fichajes que fueron una locura y no rindieron.<\/a><\/span><\/strong><\/p>\n<p>&nbsp;<\/p>\n","protected":false},"excerpt":{"rendered":"<p>Con 19 a\u00f1os, el mexicano debut\u00f3 con el Uniao Madeira en la Primera Divisi\u00f3n de Portugal<\/p>\n","protected":false},"author":20,"featured_media":356657,"comment_status":"closed","ping_status":"closed","sticky":false,"template":"","format":"standard","meta":[],"categories":[5,3839],"tags":[4596],"_links":{"self":[{"href":"http:\/\/desarrollo.grupomedios.com\/futbol\/wp-json\/wp\/v2\/posts\/359101"}],"collection":[{"href":"http:\/\/desarrollo.grupomedios.com\/futbol\/wp-json\/wp\/v2\/posts"}],"about":[{"href":"http:\/\/desarrollo.grupomedios.com\/futbol\/wp-json\/wp\/v2\/types\/post"}],"author":[{"embeddable":true,"href":"http:\/\/desarrollo.grupomedios.com\/futbol\/wp-json\/wp\/v2\/users\/20"}],"replies":[{"embeddable":true,"href":"http:\/\/desarrollo.grupomedios.com\/futbol\/wp-json\/wp\/v2\/comments?post=359101"}],"version-history":[{"count":0,"href":"http:\/\/desarrollo.grupomedios.com\/futbol\/wp-json\/wp\/v2\/posts\/359101\/revisions"}],"wp:featuredmedia":[{"embeddable":true,"href":"http:\/\/desarrollo.grupomedios.com\/futbol\/wp-json\/wp\/v2\/media\/356657"}],"wp:attachment":[{"href":"http:\/\/desarrollo.grupomedios.com\/futbol\/wp-json\/wp\/v2\/media?parent=359101"}],"wp:term":[{"taxonomy":"category","embeddable":true,"href":"http:\/\/desarrollo.grupomedios.com\/futbol\/wp-json\/wp\/v2\/categories?post=359101"},{"taxonomy":"post_tag","embeddable":true,"href":"http:\/\/desarrollo.grupomedios.com\/futbol\/wp-json\/wp\/v2\/tags?post=359101"}],"curies":[{"name":"wp","href":"https:\/\/api.w.org\/{rel}","templated":true}]}}