{"id":359175,"date":"2016-02-19T18:25:24","date_gmt":"2016-02-20T00:25:24","guid":{"rendered":"http:\/\/futboltotal.com.mx\/?p=359175"},"modified":"2016-02-19T19:09:08","modified_gmt":"2016-02-20T01:09:08","slug":"paola-espinosa-no-representa-a-mexico-en-mundial-de-clavados","status":"publish","type":"post","link":"http:\/\/desarrollo.grupomedios.com\/futbol\/no-todo-es-futbol\/paola-espinosa-no-representa-a-mexico-en-mundial-de-clavados\/2016\/02","title":{"rendered":"Paola Espinosa no represent\u00f3 a &#8216;M\u00e9xico&#8217; en Mundial de Clavados"},"content":{"rendered":"<p>Las clavadistas mexicanas, <strong>Paola Espinosa<\/strong> y Alejandra Orozco, obtuvieron su pase a los Juegos Ol\u00edmpicos de R\u00edo de Janeiro 2016, tras participar de forma eficaz, en la <strong>Copa del Mundo de Clavados<\/strong>; sin embargo, debido a la suspensi\u00f3n de la Federaci\u00f3n Mexicana de Nataci\u00f3n, la dupla no represent\u00f3 a M\u00e9xico en el certamen.<\/p>\n<p><strong>Paola Espinosa<\/strong> y Alejandra Orozco, terminaron en el quinto puesto de la competencia <strong>mundial de clavados<\/strong>, lo que les dio el pase a los Juegos Ol\u00edmpicos de R\u00edo de Janeiro; donde, por cuestiones burocr\u00e1ticas, la dupla represent\u00f3 a la Federaci\u00f3n Internacional de Nataci\u00f3n, organizadora del evento, debido al veto puesto a la Federaci\u00f3n Mexicana de Nataci\u00f3n tras el conflicto con la CONADE.<\/p>\n<p style=\"text-align: center;\"><span style=\"color: #3366ff;\"><strong><a style=\"color: #3366ff;\" href=\"http:\/\/futboltotal.com.mx\/2016\/02\/ernesto-zedillo-podria-llegar-a-la-fifa\/\" target=\"_blank\">LEER M\u00c1S: Ernesto Zedillo trabajar\u00eda en la FIFA<\/a><\/strong><\/span><\/p>\n<p>Adem\u00e1s de <strong>Paola Espinosa<\/strong> y Alejandra Orozco, que ya tienen su boleto a R\u00edo de Janeiro, los clavadistas Rommel Pacheco y Jahir Ocampo tampoco fueron registrados con MEX en el torneo; ambos tambi\u00e9n obtuvieron su boleto a los Juegos Ol\u00edmpicos.<\/p>\n<p><span style=\"color: #ff0000;\">VIDEO: Apodos de futbolistas puestos por comentaristas<\/span><\/p>\n<p>[video_player]https:\/\/player.vimeo.com\/external\/155882348.hd.mp4?s=75c362fb2e04d64e85f1d6b4054a0acc7d6e5417&amp;profile_id=113[\/video_player]<\/p>\n","protected":false},"excerpt":{"rendered":"<p>La medallista ol\u00edmpica ya obtuvo su pase a R\u00edo de Janeiro<\/p>\n","protected":false},"author":20,"featured_media":359182,"comment_status":"closed","ping_status":"closed","sticky":false,"template":"","format":"standard","meta":[],"categories":[5418],"tags":[5771,6813],"_links":{"self":[{"href":"http:\/\/desarrollo.grupomedios.com\/futbol\/wp-json\/wp\/v2\/posts\/359175"}],"collection":[{"href":"http:\/\/desarrollo.grupomedios.com\/futbol\/wp-json\/wp\/v2\/posts"}],"about":[{"href":"http:\/\/desarrollo.grupomedios.com\/futbol\/wp-json\/wp\/v2\/types\/post"}],"author":[{"embeddable":true,"href":"http:\/\/desarrollo.grupomedios.com\/futbol\/wp-json\/wp\/v2\/users\/20"}],"replies":[{"embeddable":true,"href":"http:\/\/desarrollo.grupomedios.com\/futbol\/wp-json\/wp\/v2\/comments?post=359175"}],"version-history":[{"count":0,"href":"http:\/\/desarrollo.grupomedios.com\/futbol\/wp-json\/wp\/v2\/posts\/359175\/revisions"}],"wp:featuredmedia":[{"embeddable":true,"href":"http:\/\/desarrollo.grupomedios.com\/futbol\/wp-json\/wp\/v2\/media\/359182"}],"wp:attachment":[{"href":"http:\/\/desarrollo.grupomedios.com\/futbol\/wp-json\/wp\/v2\/media?parent=359175"}],"wp:term":[{"taxonomy":"category","embeddable":true,"href":"http:\/\/desarrollo.grupomedios.com\/futbol\/wp-json\/wp\/v2\/categories?post=359175"},{"taxonomy":"post_tag","embeddable":true,"href":"http:\/\/desarrollo.grupomedios.com\/futbol\/wp-json\/wp\/v2\/tags?post=359175"}],"curies":[{"name":"wp","href":"https:\/\/api.w.org\/{rel}","templated":true}]}}