{"id":359304,"date":"2016-02-19T23:59:33","date_gmt":"2016-02-20T05:59:33","guid":{"rendered":"http:\/\/futboltotal.com.mx\/?p=359304"},"modified":"2016-02-20T00:20:28","modified_gmt":"2016-02-20T06:20:28","slug":"estados-unidos-y-canada-femenil-calificadas-a-rio-de-janeiro","status":"publish","type":"post","link":"http:\/\/desarrollo.grupomedios.com\/futbol\/futbol-internacional\/estados-unidos-y-canada-femenil-calificadas-a-rio-de-janeiro\/2016\/02","title":{"rendered":"EU y Canad\u00e1 femeniles, calificadas a R\u00edo de Janeiro"},"content":{"rendered":"<p>Las selecciones femeniles de <strong>Estados Unidos<\/strong> y <strong>Canad\u00e1<\/strong> son los dos combinados que ir\u00e1n a los Juegos Ol\u00edmpicos de R\u00edo de Janeiro 2016, como representantes de la Concacaf.<\/p>\n<p><strong>Estados Unidos<\/strong> obtuvo su boleto al vencer 5-0 a su similar de Trinidad y Tobado en las semifinales del Preol\u00edmpico de CONCACAF. Las dirigidas por Jillian Ellis mantuvieron su paso invicto desde la fase de grupos, donde dejaron en el camino a Costa Rica, M\u00e9xico y Puerto Rico.<\/p>\n<p style=\"text-align: center;\"><span style=\"color: #3366ff;\"><strong><a style=\"color: #3366ff;\" href=\"http:\/\/futboltotal.com.mx\/2016\/02\/paola-espinosa-no-representa-a-mexico-en-mundial-de-clavados\/\" target=\"_blank\">LEER M\u00c1S: Paola Espinosa no represent\u00f3 a M\u00e9xico en Mundial de Clavados<\/a><\/strong><\/span><\/p>\n<p>Por su parte, <strong>Canad\u00e1<\/strong> venci\u00f3 3-1 en semifinales a Costa Rica, y al igual que <strong>Estados Unidos<\/strong> llegaron invictas a la Final; en la fase de grupos vencieron a Guyana, Trinidad y Tobago y Guatemala. La Final del Preol\u00edmpico de CONCACAF, se disputar\u00e1 el pr\u00f3ximo domingo 21 de febrero en la cancha del BBVA Compass Stadium.<\/p>\n<p><span style=\"color: #ff0000;\">VIDEO: Apodos de futbolistas puestos por comentaristas<\/span><\/p>\n<p>[video_player]https:\/\/player.vimeo.com\/external\/155882348.hd.mp4?s=75c362fb2e04d64e85f1d6b4054a0acc7d6e5417&amp;profile_id=113[\/video_player]<\/p>\n","protected":false},"excerpt":{"rendered":"<p>Los dos combinados se enfrentar\u00e1n el domingo 21 en la final del Preol\u00edmpico<\/p>\n","protected":false},"author":20,"featured_media":359305,"comment_status":"closed","ping_status":"closed","sticky":false,"template":"","format":"standard","meta":[],"categories":[3839],"tags":[5506,6220],"_links":{"self":[{"href":"http:\/\/desarrollo.grupomedios.com\/futbol\/wp-json\/wp\/v2\/posts\/359304"}],"collection":[{"href":"http:\/\/desarrollo.grupomedios.com\/futbol\/wp-json\/wp\/v2\/posts"}],"about":[{"href":"http:\/\/desarrollo.grupomedios.com\/futbol\/wp-json\/wp\/v2\/types\/post"}],"author":[{"embeddable":true,"href":"http:\/\/desarrollo.grupomedios.com\/futbol\/wp-json\/wp\/v2\/users\/20"}],"replies":[{"embeddable":true,"href":"http:\/\/desarrollo.grupomedios.com\/futbol\/wp-json\/wp\/v2\/comments?post=359304"}],"version-history":[{"count":0,"href":"http:\/\/desarrollo.grupomedios.com\/futbol\/wp-json\/wp\/v2\/posts\/359304\/revisions"}],"wp:featuredmedia":[{"embeddable":true,"href":"http:\/\/desarrollo.grupomedios.com\/futbol\/wp-json\/wp\/v2\/media\/359305"}],"wp:attachment":[{"href":"http:\/\/desarrollo.grupomedios.com\/futbol\/wp-json\/wp\/v2\/media?parent=359304"}],"wp:term":[{"taxonomy":"category","embeddable":true,"href":"http:\/\/desarrollo.grupomedios.com\/futbol\/wp-json\/wp\/v2\/categories?post=359304"},{"taxonomy":"post_tag","embeddable":true,"href":"http:\/\/desarrollo.grupomedios.com\/futbol\/wp-json\/wp\/v2\/tags?post=359304"}],"curies":[{"name":"wp","href":"https:\/\/api.w.org\/{rel}","templated":true}]}}