{"id":359315,"date":"2016-02-20T09:26:23","date_gmt":"2016-02-20T15:26:23","guid":{"rendered":"http:\/\/futboltotal.com.mx\/?p=359315"},"modified":"2016-02-21T11:06:36","modified_gmt":"2016-02-21T17:06:36","slug":"aubameyang-hara-de-todo-para-jugar-con-real-madrid","status":"publish","type":"post","link":"http:\/\/desarrollo.grupomedios.com\/futbol\/futbol-internacional\/aubameyang-hara-de-todo-para-jugar-con-real-madrid\/2016\/02","title":{"rendered":"Aubameyang es fan\u00e1tico de un futbolista mexicano"},"content":{"rendered":"<p>El presente de <strong>Pierre-Emerick Aubameyang<\/strong> es sensacional. As\u00ed lo indican sus n\u00fameros en la Bundesliga, donde con 20 tantos, se mantiene peleando el campeonato de goleo. Esa actualidad hace pensar en que la promesa que le realiz\u00f3 a su abuelo, no est\u00e1 tan lejos de ser cumplida.<\/p>\n<p>&#8220;Antes de fallecer, en 2014, le promet\u00ed que un d\u00eda jugar\u00eda en el Real Madrid&#8221;, confes\u00f3 el gabon\u00e9s en <em>L&#8217;Equipe Magazine<\/em>. &#8220;Mi abuelo era de \u00c1vila. Se lo dije y s\u00e9 que es complicado, pero es algo que tengo en mi mente&#8221;.<\/p>\n<p style=\"text-align: center;\"><span style=\"color: #3366ff;\"><strong><a style=\"color: #3366ff;\" href=\"http:\/\/futboltotal.com.mx\/2016\/02\/el-fantastico-aubameyang\/\">LEER M\u00c1S: El fant\u00e1stico Aubameyang.<\/a><\/strong><\/span><\/p>\n<p>El africano tiene un referente muy madridista en su ideario futbol\u00edstico. &#8220;Celebro los goles con una voltereta en homenaje a Hugo S\u00e1nchez, he visto muchos v\u00eddeos en internet y le sigo desde cr\u00edo&#8221;. no oculta su aspiraci\u00f3n de venir a la Liga espa\u00f1ola. &#8220;Al Madrid o a otro gran club de esa Liga, ser\u00eda tambi\u00e9n un bonito regalo para mi madre, Margarita, que es espa\u00f1ola&#8221;.<\/p>\n<p><strong>Aubameyang<\/strong> est\u00e1 firmando la mejor temporada de su carrera. Lleva 30 goles en partidos oficiales este curso en apenas 32 partidos. &#8220;He pasado muchas horas delante de la porter\u00eda para sacarle m\u00e1s rendimiento a los remates con ambas piernas, de cabeza, como nueve&#8230;&#8221;, explica.<\/p>\n<p>Sacarle de Dortmund no ser\u00eda f\u00e1cil. Michael Zorc, director deportivo del Borussia, ha negado en repetidas ocasiones que el club vaya a acceder a venderlo y tiene contrato con el equipo amarillo hasta 2020 aunque cuenta con la ventaja de ser comunitario al tener pasaporte franc\u00e9s.<\/p>\n<p style=\"text-align: center;\"><span style=\"color: #3366ff;\"><strong><a style=\"color: #3366ff;\" href=\"http:\/\/futboltotal.com.mx\/2016\/02\/samuel-etoo-impide-publicacion-de-libro-venganza-porno\/\">LEER M\u00c1S: Samuel Eto&#8217;o impide publicaci\u00f3n de libro Venganza Porno. <\/a><\/strong><\/span><\/p>\n","protected":false},"excerpt":{"rendered":"<p>El goleador de la Bundesliga prometi\u00f3 a su abuelo que vestir\u00eda la el\u00e1stica merengue <\/p>\n","protected":false},"author":20,"featured_media":359318,"comment_status":"closed","ping_status":"closed","sticky":false,"template":"","format":"standard","meta":[],"categories":[3839,5951],"tags":[448,5078,5988],"_links":{"self":[{"href":"http:\/\/desarrollo.grupomedios.com\/futbol\/wp-json\/wp\/v2\/posts\/359315"}],"collection":[{"href":"http:\/\/desarrollo.grupomedios.com\/futbol\/wp-json\/wp\/v2\/posts"}],"about":[{"href":"http:\/\/desarrollo.grupomedios.com\/futbol\/wp-json\/wp\/v2\/types\/post"}],"author":[{"embeddable":true,"href":"http:\/\/desarrollo.grupomedios.com\/futbol\/wp-json\/wp\/v2\/users\/20"}],"replies":[{"embeddable":true,"href":"http:\/\/desarrollo.grupomedios.com\/futbol\/wp-json\/wp\/v2\/comments?post=359315"}],"version-history":[{"count":0,"href":"http:\/\/desarrollo.grupomedios.com\/futbol\/wp-json\/wp\/v2\/posts\/359315\/revisions"}],"wp:featuredmedia":[{"embeddable":true,"href":"http:\/\/desarrollo.grupomedios.com\/futbol\/wp-json\/wp\/v2\/media\/359318"}],"wp:attachment":[{"href":"http:\/\/desarrollo.grupomedios.com\/futbol\/wp-json\/wp\/v2\/media?parent=359315"}],"wp:term":[{"taxonomy":"category","embeddable":true,"href":"http:\/\/desarrollo.grupomedios.com\/futbol\/wp-json\/wp\/v2\/categories?post=359315"},{"taxonomy":"post_tag","embeddable":true,"href":"http:\/\/desarrollo.grupomedios.com\/futbol\/wp-json\/wp\/v2\/tags?post=359315"}],"curies":[{"name":"wp","href":"https:\/\/api.w.org\/{rel}","templated":true}]}}