{"id":359338,"date":"2016-02-20T10:54:01","date_gmt":"2016-02-20T16:54:01","guid":{"rendered":"http:\/\/futboltotal.com.mx\/?p=359338"},"modified":"2016-02-20T10:54:16","modified_gmt":"2016-02-20T16:54:16","slug":"el-golazo-de-chilena-de-thomas-muller","status":"publish","type":"post","link":"http:\/\/desarrollo.grupomedios.com\/futbol\/futbol-internacional\/el-golazo-de-chilena-de-thomas-muller\/2016\/02","title":{"rendered":"El golazo de chilena de Thomas Muller"},"content":{"rendered":"<p><strong>Bayern M\u00fanich<\/strong> gan\u00f3 por 3-1 al Darmstadt, en un partido que comenz\u00f3 perdiendo y sufri\u00f3 m\u00e1s de lo esperado en el ensayo general para su regreso a la Liga de Campeones europea el martes ante la Juventus de Tur\u00edn.<\/p>\n<p>Un doblete de <strong>Thomas M\u00fcller<\/strong> (49&#8242; y 71&#8242;) dio los tres puntos al Bayern despu\u00e9s de que Sandro Wagner helara al Allianz Arena adelantando a los visitantes (26&#8242;). En el tramo final, Robert Lewandowski marc\u00f3 el 3-1 definitivo (84&#8242;).<\/p>\n<p>El equipo de Josep Guardiola aument\u00f3 as\u00ed provisionalmente a 11 puntos su ventaja como l\u00edder de la Bundesliga sobre el Borussia Dortmund, que ma\u00f1ana juega su partido de la fecha 22 ante el Bayer Leverkusen, y gan\u00f3 confianza para la dif\u00edcil ida de octavos de final de Liga de Campeones que afronta el martes en Tur\u00edn frente a la Juventus.<\/p>\n<p><strong><span style=\"color: #ff0000;\">La chilena de Thomas Muller que se rob\u00f3 la noche:<\/span><\/strong><\/p>\n<p><iframe loading=\"lazy\" src=\"https:\/\/www.youtube.com\/embed\/dxtyzsqGYAk\" frameborder=\"0\" allowfullscreen=\"allowfullscreen\"><\/iframe><\/p>\n<p style=\"text-align: center;\"><strong><span style=\"color: #3366ff;\"><a style=\"color: #3366ff;\" href=\"http:\/\/futboltotal.com.mx\/2016\/02\/aubameyang-hara-de-todo-para-jugar-con-real-madrid\/\">LEER M\u00c1S: Aubameyang es fan\u00e1tico de Hugo S\u00e1nchez.<\/a><\/span><\/strong><\/p>\n","protected":false},"excerpt":{"rendered":"<p>El Bayern revirti\u00f3 un sorpresivo inicio ante Darmstadt<\/p>\n","protected":false},"author":20,"featured_media":359339,"comment_status":"closed","ping_status":"closed","sticky":false,"template":"","format":"standard","meta":[],"categories":[3839,5951],"tags":[2056,119,5792],"_links":{"self":[{"href":"http:\/\/desarrollo.grupomedios.com\/futbol\/wp-json\/wp\/v2\/posts\/359338"}],"collection":[{"href":"http:\/\/desarrollo.grupomedios.com\/futbol\/wp-json\/wp\/v2\/posts"}],"about":[{"href":"http:\/\/desarrollo.grupomedios.com\/futbol\/wp-json\/wp\/v2\/types\/post"}],"author":[{"embeddable":true,"href":"http:\/\/desarrollo.grupomedios.com\/futbol\/wp-json\/wp\/v2\/users\/20"}],"replies":[{"embeddable":true,"href":"http:\/\/desarrollo.grupomedios.com\/futbol\/wp-json\/wp\/v2\/comments?post=359338"}],"version-history":[{"count":0,"href":"http:\/\/desarrollo.grupomedios.com\/futbol\/wp-json\/wp\/v2\/posts\/359338\/revisions"}],"wp:featuredmedia":[{"embeddable":true,"href":"http:\/\/desarrollo.grupomedios.com\/futbol\/wp-json\/wp\/v2\/media\/359339"}],"wp:attachment":[{"href":"http:\/\/desarrollo.grupomedios.com\/futbol\/wp-json\/wp\/v2\/media?parent=359338"}],"wp:term":[{"taxonomy":"category","embeddable":true,"href":"http:\/\/desarrollo.grupomedios.com\/futbol\/wp-json\/wp\/v2\/categories?post=359338"},{"taxonomy":"post_tag","embeddable":true,"href":"http:\/\/desarrollo.grupomedios.com\/futbol\/wp-json\/wp\/v2\/tags?post=359338"}],"curies":[{"name":"wp","href":"https:\/\/api.w.org\/{rel}","templated":true}]}}