{"id":359353,"date":"2016-02-20T13:44:09","date_gmt":"2016-02-20T19:44:09","guid":{"rendered":"http:\/\/futboltotal.com.mx\/?p=359353"},"modified":"2016-02-20T13:44:09","modified_gmt":"2016-02-20T19:44:09","slug":"karim-benzema-baja-para-el-partido-ante-malaga","status":"publish","type":"post","link":"http:\/\/desarrollo.grupomedios.com\/futbol\/futbol-internacional\/karim-benzema-baja-para-el-partido-ante-malaga\/2016\/02","title":{"rendered":"Real Madrid sufre duras noticias sobre Benzema"},"content":{"rendered":"<p><strong>Karim Benzema<\/strong> es la principal baja del Real Madrid para el partido que el equipo blanco disputar\u00e1 este domingo en La Rosaleda ante el M\u00e1laga. El franc\u00e9s no fue incluido en la convocatoria de Zinedine Zidane debido a los problemas f\u00edsicos en la espalda que arrastra desde hace varios d\u00edas. Su situaci\u00f3n se agrav\u00f3 por unas molestias en la cadera que sinti\u00f3 en el entrenamiento.<\/p>\n<p>El delantero del Madrid podr\u00eda estar ya plenamente recuperado para medirse el pr\u00f3ximo fin de semana al Atl\u00e9tico de Madrid, en otro partido decisivo en la pelea por el t\u00edtulo y en el que <strong>Benzema<\/strong> luce como una pieza imprescindible tras sus 19 goles anotados en la Liga Espa\u00f1ola en la misma cantidad de duelos disputados.<\/p>\n<p style=\"text-align: center;\"><span style=\"color: #3366ff;\"><strong><a style=\"color: #3366ff;\" href=\"http:\/\/futboltotal.com.mx\/2016\/02\/aubameyang-hara-de-todo-para-jugar-con-real-madrid\/\">LEER M\u00c1S: Aubameyang, fan\u00e1tico de Hugo S\u00e1nchez. <\/a><\/strong><\/span><\/p>\n<p>Ante la ausencia de Benzema, Zidane cit\u00f3 a 19 jugadores. Entre ellos, a cuatro delanteros: Cristiano Ronaldo, Lucas V\u00e1zquez, Jes\u00e9 y Borja Mayoral, delantero del filial que no ha debutado a\u00fan con el primer equipo en partido oficial.<\/p>\n<p>Los n\u00fameros de Borja Mayoral esta campa\u00f1a son brillantes. Lleva 17 goles en lo que va de temporada: once con el filial, cinco con el juvenil en la Youth League y uno con la Sub-21 (lo logr\u00f3 en su debut contra Georgia el 7 de octubre de 2015). Su enorme progresi\u00f3n no ha pasado desapercibida en el club que, ante el inter\u00e9s de varios grandes europeos, quiso blindarle este mismo mes con un contrato hasta 2021.<\/p>\n","protected":false},"excerpt":{"rendered":"<p>El franc\u00e9s se pierde el duelo ante M\u00e1laga <\/p>\n","protected":false},"author":20,"featured_media":359354,"comment_status":"closed","ping_status":"closed","sticky":false,"template":"","format":"standard","meta":[],"categories":[3839,3844,5951],"tags":[6042,5988],"_links":{"self":[{"href":"http:\/\/desarrollo.grupomedios.com\/futbol\/wp-json\/wp\/v2\/posts\/359353"}],"collection":[{"href":"http:\/\/desarrollo.grupomedios.com\/futbol\/wp-json\/wp\/v2\/posts"}],"about":[{"href":"http:\/\/desarrollo.grupomedios.com\/futbol\/wp-json\/wp\/v2\/types\/post"}],"author":[{"embeddable":true,"href":"http:\/\/desarrollo.grupomedios.com\/futbol\/wp-json\/wp\/v2\/users\/20"}],"replies":[{"embeddable":true,"href":"http:\/\/desarrollo.grupomedios.com\/futbol\/wp-json\/wp\/v2\/comments?post=359353"}],"version-history":[{"count":0,"href":"http:\/\/desarrollo.grupomedios.com\/futbol\/wp-json\/wp\/v2\/posts\/359353\/revisions"}],"wp:featuredmedia":[{"embeddable":true,"href":"http:\/\/desarrollo.grupomedios.com\/futbol\/wp-json\/wp\/v2\/media\/359354"}],"wp:attachment":[{"href":"http:\/\/desarrollo.grupomedios.com\/futbol\/wp-json\/wp\/v2\/media?parent=359353"}],"wp:term":[{"taxonomy":"category","embeddable":true,"href":"http:\/\/desarrollo.grupomedios.com\/futbol\/wp-json\/wp\/v2\/categories?post=359353"},{"taxonomy":"post_tag","embeddable":true,"href":"http:\/\/desarrollo.grupomedios.com\/futbol\/wp-json\/wp\/v2\/tags?post=359353"}],"curies":[{"name":"wp","href":"https:\/\/api.w.org\/{rel}","templated":true}]}}