{"id":359397,"date":"2016-02-20T17:36:43","date_gmt":"2016-02-20T23:36:43","guid":{"rendered":"http:\/\/futboltotal.com.mx\/?p=359397"},"modified":"2016-02-20T17:58:13","modified_gmt":"2016-02-20T23:58:13","slug":"america-atropellado-por-cruz-azul","status":"publish","type":"post","link":"http:\/\/desarrollo.grupomedios.com\/futbol\/videos\/america-atropellado-por-cruz-azul\/2016\/02","title":{"rendered":"Am\u00e9rica, con dos lesionados en el Cl\u00e1sico Joven"},"content":{"rendered":"<p>En el arranque del juego entre <strong><a href=\"http:\/\/futboltotal.com.mx\/equipos\/america\/\" target=\"_blank\">Am\u00e9rica<\/a><\/strong> y <a href=\"http:\/\/futboltotal.com.mx\/equipos\/cruz-azul\/\" target=\"_blank\"><strong>Cruz Azul<\/strong>,<\/a> correspondiente a la jornada 7 del Clausura 2016, las <em>\u00c1guilas<\/em> sufrieron dos bajas antes de la primera hora de juego, por lesiones accidentales. <strong>Mois\u00e9s Mu\u00f1oz<\/strong> tuvo que abanonar el terreno de juego al 14&#8242; por un manotazo que recibi\u00f3 por parte de Joffre Guerr\u00f3n, tras un tiro de esquina celeste; 14 minutos despu\u00e9s, <strong>Dar\u00edo Benedetto<\/strong> fue sustituido por Darwin Quintero.<\/p>\n<p style=\"text-align: center;\"><span style=\"color: #3366ff;\"><strong><a style=\"color: #3366ff;\" href=\"http:\/\/futboltotal.com.mx\/2016\/02\/polemico-penal-en-el-america-vs-cruz-azul\/\" target=\"_blank\">LEER M\u00c1S: Pol\u00e9mico penal en el Am\u00e9rica vs. Cruz Azul<\/a><\/strong><\/span><\/p>\n<p>El <strong>Am\u00e9rica<\/strong> ya ca\u00eda desde el 2&#8242; del encuentro por 0-1, tras un tiro de esquina, y 10 minutos m\u00e1s tarde, en otro c\u00f3rner, Joffre Guerr\u00f3n se enfrent\u00f3 en el \u00e1rea con el cancerbero <strong>Mois\u00e9s Mu\u00f1oz<\/strong>, y en una jugada aparentemente accidental, el ecuatoriano dio un manotazo en la cara de <em>Moi<\/em>, que oblig\u00f3 al arquero a dejar el campo al 14&#8242;, luego de ser atendido por las asistencias <em>azulcremas<\/em>.<\/p>\n<blockquote class=\"twitter-tweet\" data-lang=\"es\">\n<p dir=\"ltr\" lang=\"und\"><a href=\"https:\/\/t.co\/FqCME5ZHLG\">pic.twitter.com\/FqCME5ZHLG<\/a><\/p>\n<p>\u2014 blogenreproduccion (@enreproduccion) <a href=\"https:\/\/twitter.com\/enreproduccion\/status\/701184156810653696\">febrero 20, 2016<\/a><\/p><\/blockquote>\n<p><script src=\"\/\/platform.twitter.com\/widgets.js\" async=\"\" charset=\"utf-8\"><\/script><\/p>\n<p>Hugo Gonz\u00e1lez ingres\u00f3 en el lugar de<strong> Mois\u00e9s Mu\u00f1oz<\/strong> al 14&#8242; y en esa cantidad de minutos, <strong>Dar\u00edo Benedetto<\/strong> tambi\u00e9n fue sustitu\u00eddo, debido a un desgarre que sufri\u00f3 cuando compet\u00eda por un bal\u00f3n en el \u00e1rea <em>cementera<\/em>.<\/p>\n","protected":false},"excerpt":{"rendered":"<p>Dos futbolistas azulcremas, tuvieron que dejar la cancha en el Cl\u00e1sico Joven<\/p>\n","protected":false},"author":20,"featured_media":359405,"comment_status":"closed","ping_status":"closed","sticky":false,"template":"","format":"standard","meta":[],"categories":[2198,3845,4],"tags":[5959,5962,64,635,5429],"_links":{"self":[{"href":"http:\/\/desarrollo.grupomedios.com\/futbol\/wp-json\/wp\/v2\/posts\/359397"}],"collection":[{"href":"http:\/\/desarrollo.grupomedios.com\/futbol\/wp-json\/wp\/v2\/posts"}],"about":[{"href":"http:\/\/desarrollo.grupomedios.com\/futbol\/wp-json\/wp\/v2\/types\/post"}],"author":[{"embeddable":true,"href":"http:\/\/desarrollo.grupomedios.com\/futbol\/wp-json\/wp\/v2\/users\/20"}],"replies":[{"embeddable":true,"href":"http:\/\/desarrollo.grupomedios.com\/futbol\/wp-json\/wp\/v2\/comments?post=359397"}],"version-history":[{"count":0,"href":"http:\/\/desarrollo.grupomedios.com\/futbol\/wp-json\/wp\/v2\/posts\/359397\/revisions"}],"wp:featuredmedia":[{"embeddable":true,"href":"http:\/\/desarrollo.grupomedios.com\/futbol\/wp-json\/wp\/v2\/media\/359405"}],"wp:attachment":[{"href":"http:\/\/desarrollo.grupomedios.com\/futbol\/wp-json\/wp\/v2\/media?parent=359397"}],"wp:term":[{"taxonomy":"category","embeddable":true,"href":"http:\/\/desarrollo.grupomedios.com\/futbol\/wp-json\/wp\/v2\/categories?post=359397"},{"taxonomy":"post_tag","embeddable":true,"href":"http:\/\/desarrollo.grupomedios.com\/futbol\/wp-json\/wp\/v2\/tags?post=359397"}],"curies":[{"name":"wp","href":"https:\/\/api.w.org\/{rel}","templated":true}]}}