{"id":359609,"date":"2016-02-21T09:56:51","date_gmt":"2016-02-21T15:56:51","guid":{"rendered":"http:\/\/futboltotal.com.mx\/?p=359609"},"modified":"2016-02-21T09:56:51","modified_gmt":"2016-02-21T15:56:51","slug":"francesco-totti-apartado-de-la-roma","status":"publish","type":"post","link":"http:\/\/desarrollo.grupomedios.com\/futbol\/futbol-internacional\/francesco-totti-apartado-de-la-roma\/2016\/02","title":{"rendered":"No m\u00e1s Totti en la Roma&#8230; por ahora"},"content":{"rendered":"<p><strong>Francesco Totti<\/strong>, legendario jugador de la <strong>Roma<\/strong>,\u00a0sufre una de las temporadas m\u00e1s deslucidas de su carrera. Y no ha sido por falta de rendimiento, sino a consecuencia de las decisiones t\u00e9cnicas del entrenador del club, <strong>Luciano Spalletti<\/strong>, quien lo ha relegado a la suplencia y este domingo lo ech\u00f3 de la concentraci\u00f3n del equipo.<\/p>\n<p>Este s\u00e1bado, el m\u00e1ximo anotador de los <em>Giallorossi\u00a0<\/em>lanz\u00f3 un duro mensaje al estratega del club tras haber sido relegado a la suplencia en el duelo de los octavos de final de Champions League ante el Real Madrid: &#8220;Esperaba que varias cosas que le\u00ed en los peri\u00f3dicos me las dijera en la cara. Quiero m\u00e1s respeto&#8221;.<\/p>\n<p style=\"text-align: center;\"><strong><a style=\"color: #3366ff;\" href=\"http:\/\/futboltotal.com.mx\/futbol-internacional\">LEER M\u00c1S: Todas las noticias de futbol internacional<\/a><\/strong><\/p>\n<p>El mensaje de Totti no le sent\u00f3 nada bien a Spalletti, quien hoy decidi\u00f3 apartarlo por tiempo indefinido del primer equipo. Todo pinta para que <em>Il Capitano\u00a0<\/em>no est\u00e9 en el encuentro ante\u00a0Palermo, de la jornada 27 de la Serie A.<\/p>\n<p>El timonel no ha dado m\u00e1s explicaciones y lo \u00faltimo que dijo en torno a esta guerra de declaraciones es que\u00a0si <em>Il Capitano\u00a0<\/em>no es titular es porque no hay jerarqu\u00eda que valga en la Roma: &#8220;Entren\u00f3 al equipo en funci\u00f3n de los objetivos, no de un jugador hist\u00f3rico&#8221;.<\/p>\n<p>&nbsp;<\/p>\n","protected":false},"excerpt":{"rendered":"<p>Il Capitano fue apartado del primer equipo por el entrenador Luciano Spalletti<\/p>\n","protected":false},"author":20,"featured_media":359610,"comment_status":"closed","ping_status":"closed","sticky":false,"template":"","format":"standard","meta":[],"categories":[3839,3848,5951],"tags":[2618,3472],"_links":{"self":[{"href":"http:\/\/desarrollo.grupomedios.com\/futbol\/wp-json\/wp\/v2\/posts\/359609"}],"collection":[{"href":"http:\/\/desarrollo.grupomedios.com\/futbol\/wp-json\/wp\/v2\/posts"}],"about":[{"href":"http:\/\/desarrollo.grupomedios.com\/futbol\/wp-json\/wp\/v2\/types\/post"}],"author":[{"embeddable":true,"href":"http:\/\/desarrollo.grupomedios.com\/futbol\/wp-json\/wp\/v2\/users\/20"}],"replies":[{"embeddable":true,"href":"http:\/\/desarrollo.grupomedios.com\/futbol\/wp-json\/wp\/v2\/comments?post=359609"}],"version-history":[{"count":0,"href":"http:\/\/desarrollo.grupomedios.com\/futbol\/wp-json\/wp\/v2\/posts\/359609\/revisions"}],"wp:featuredmedia":[{"embeddable":true,"href":"http:\/\/desarrollo.grupomedios.com\/futbol\/wp-json\/wp\/v2\/media\/359610"}],"wp:attachment":[{"href":"http:\/\/desarrollo.grupomedios.com\/futbol\/wp-json\/wp\/v2\/media?parent=359609"}],"wp:term":[{"taxonomy":"category","embeddable":true,"href":"http:\/\/desarrollo.grupomedios.com\/futbol\/wp-json\/wp\/v2\/categories?post=359609"},{"taxonomy":"post_tag","embeddable":true,"href":"http:\/\/desarrollo.grupomedios.com\/futbol\/wp-json\/wp\/v2\/tags?post=359609"}],"curies":[{"name":"wp","href":"https:\/\/api.w.org\/{rel}","templated":true}]}}