{"id":359675,"date":"2016-02-21T13:00:36","date_gmt":"2016-02-21T19:00:36","guid":{"rendered":"http:\/\/futboltotal.com.mx\/?p=359675"},"modified":"2016-02-21T17:08:36","modified_gmt":"2016-02-21T23:08:36","slug":"que-penalti-fallo-cristiano","status":"publish","type":"post","link":"http:\/\/desarrollo.grupomedios.com\/futbol\/futbol-internacional\/que-penalti-fallo-cristiano\/2016\/02","title":{"rendered":"\u00a1Qu\u00e9 penalti fall\u00f3 Cristiano!"},"content":{"rendered":"<p><strong>Cristiano Ronaldo<\/strong> pudo liquidar al <strong>M\u00e1laga<\/strong> en dos minutos, sin embargo; no lo hizo y, a cambio, permiti\u00f3 al portero\u00a0<strong>Carlos Kameni<\/strong>\u00a0ser el h\u00e9roe del conjunto andaluz.<\/p>\n<p>El delantero del <strong>Real Madrid\u00a0<\/strong>fall\u00f3 un penalti tras disparar de mala forma -no lo hizo pegado al palo como acostumbra- y dej\u00f3 la pizarra con un solo gol, que a la postre termin\u00f3 por empatar el M\u00e1laga con un gol de Albentosa.<\/p>\n<p><strong>Cristiano Ronaldo<\/strong>\u00a0solo ha podido anotarle a Kameni desde los once pasos en una de tres ocasiones.<\/p>\n<p><iframe loading=\"lazy\" src=\"https:\/\/www.youtube.com\/embed\/VI4B4IR_5h8\" frameborder=\"0\" allowfullscreen=\"allowfullscreen\"><\/iframe><\/p>\n","protected":false},"excerpt":{"rendered":"<p>El portugu\u00e9s cobr\u00f3 mal y el portero del M\u00e1laga evit\u00f3 el segundo gol del Real Madrid<\/p>\n","protected":false},"author":20,"featured_media":359683,"comment_status":"closed","ping_status":"closed","sticky":false,"template":"","format":"standard","meta":[],"categories":[3839,3844],"tags":[6013,5988],"_links":{"self":[{"href":"http:\/\/desarrollo.grupomedios.com\/futbol\/wp-json\/wp\/v2\/posts\/359675"}],"collection":[{"href":"http:\/\/desarrollo.grupomedios.com\/futbol\/wp-json\/wp\/v2\/posts"}],"about":[{"href":"http:\/\/desarrollo.grupomedios.com\/futbol\/wp-json\/wp\/v2\/types\/post"}],"author":[{"embeddable":true,"href":"http:\/\/desarrollo.grupomedios.com\/futbol\/wp-json\/wp\/v2\/users\/20"}],"replies":[{"embeddable":true,"href":"http:\/\/desarrollo.grupomedios.com\/futbol\/wp-json\/wp\/v2\/comments?post=359675"}],"version-history":[{"count":0,"href":"http:\/\/desarrollo.grupomedios.com\/futbol\/wp-json\/wp\/v2\/posts\/359675\/revisions"}],"wp:featuredmedia":[{"embeddable":true,"href":"http:\/\/desarrollo.grupomedios.com\/futbol\/wp-json\/wp\/v2\/media\/359683"}],"wp:attachment":[{"href":"http:\/\/desarrollo.grupomedios.com\/futbol\/wp-json\/wp\/v2\/media?parent=359675"}],"wp:term":[{"taxonomy":"category","embeddable":true,"href":"http:\/\/desarrollo.grupomedios.com\/futbol\/wp-json\/wp\/v2\/categories?post=359675"},{"taxonomy":"post_tag","embeddable":true,"href":"http:\/\/desarrollo.grupomedios.com\/futbol\/wp-json\/wp\/v2\/tags?post=359675"}],"curies":[{"name":"wp","href":"https:\/\/api.w.org\/{rel}","templated":true}]}}