{"id":359743,"date":"2016-02-21T15:09:22","date_gmt":"2016-02-21T21:09:22","guid":{"rendered":"http:\/\/futboltotal.com.mx\/?p=359743"},"modified":"2016-02-21T16:01:23","modified_gmt":"2016-02-21T22:01:23","slug":"moises-munoz-baja-del-america-2","status":"publish","type":"post","link":"http:\/\/desarrollo.grupomedios.com\/futbol\/futbol-mexicano\/moises-munoz-baja-del-america-2\/2016\/02","title":{"rendered":"Mois\u00e9s Mu\u00f1oz, baja del Am\u00e9rica"},"content":{"rendered":"<p><b>Mois\u00e9s Mu\u00f1oz<\/b>, quien <a href=\"http:\/\/futboltotal.com.mx\/2016\/02\/moises-munoz-se-rompio-la-cornea\/\" target=\"_blank\">tuvo que abandonar el duelo del pasado s\u00e1bado ante Cruz Azul por lesi\u00f3n<\/a>,\u00a0no har\u00e1 el viaje a Seattle, donde el pr\u00f3ximo martes las <a href=\"http:\/\/futboltotal.com.mx\/equipos\/america\/\" target=\"_blank\"><em>\u00c1guilas<\/em> del <strong>Am\u00e9rica<\/strong><\/a> se medir\u00e1n ante el Sounders FC, en la Ida de los Cuartos de Final de Liga de Campeones de la CONCACAF.<\/p>\n<p>En ese sentido, se dio a conocer que por precauci\u00f3n, <b>Mois\u00e9s Mu\u00f1oz<\/b>, quien ya ha recuperado la vista del ojo derecho, a\u00fan reporta la c\u00f3rnea inflamada y ser\u00e1 valorado otra vez este lunes para muy posiblemente reciba el alta m\u00e9dica.<\/p>\n<p style=\"text-align: center;\"><span style=\"color: #3366ff;\"><strong><a style=\"color: #3366ff;\" href=\"http:\/\/futboltotal.com.mx\/2016\/02\/resultado-liga-mx-america-3-3-cruz-azul\/\">LEER M\u00c1S: Am\u00e9rica y Cruz Azul, \u00a1regalan un verdadero Cl\u00e1sico!<\/a><\/strong><\/span><\/p>\n<p>&#8220;Le dieron un machuc\u00f3n en la c\u00f3rnea y tiene que estar en reposo al menos de 24 a 48 horas y por eso preferimos dejarlo, pero est\u00e1 bien&#8221;, asegur\u00f3 este domingo Ricardo Pel\u00e1ez, presidente deportivo del Am\u00e9rica.<\/p>\n<p>En t\u00e9rminos generales, se espera que tras el reposo <b>Mois\u00e9s Mu\u00f1oz<\/b> est\u00e9 en condiciones para para participar en el duelo del pr\u00f3ximo s\u00e1bado del <b>Am\u00e9rica<\/b>, contra Tigres, dentro del Clausura 2016 de la Liga.<\/p>\n<p>En ese contexto, el propio arquero <i>azulcrema<\/i> se mostr\u00f3 entusiasta.<\/p>\n<blockquote class=\"twitter-tweet\" data-lang=\"es\">\n<p dir=\"ltr\" lang=\"es\">\u00a1Muchas gracias por todos sus comentarios y apoyo! No result\u00f3 algo tan delicado y si Dios quiere estar\u00e9 de vuelta el pr\u00f3ximo partido.<\/p>\n<p>\u2014 Moises Mu\u00f1oz (@MoyMu23) <a href=\"https:\/\/twitter.com\/MoyMu23\/status\/701233475920080896\">febrero 21, 2016<\/a><\/p><\/blockquote>\n<p><script src=\"\/\/platform.twitter.com\/widgets.js\" async=\"\" charset=\"utf-8\"><\/script><\/p>\n<p>Adem\u00e1s, de <strong>Mois\u00e9s Mu\u00f1oz<\/strong>, tampoco hicieron el viaje con el plantel Dar\u00edo Benedetto ni William da Silva. El delantero argentino espera la evoluci\u00f3n de la\u00a0lesi\u00f3n, la cual tambi\u00e9n se present\u00f3 en el partido ante la <em>M\u00e1quina<\/em>,\u00a0en sus isquiotobiales del muslo izquierdo; en tanto, el brasile\u00f1o no podr\u00e1 jugar en el certamen continental, pues no fue inscrito al haber participado previamente en esta edici\u00f3n con <em>Gallos Blancos<\/em> de Quer\u00e9taro.<\/p>\n","protected":false},"excerpt":{"rendered":"<p>El portero no har\u00e1 el viaje a EU para duelo de Concachampions<\/p>\n","protected":false},"author":20,"featured_media":359750,"comment_status":"closed","ping_status":"closed","sticky":false,"template":"","format":"standard","meta":[],"categories":[2198,3845,5950],"tags":[5959,635],"_links":{"self":[{"href":"http:\/\/desarrollo.grupomedios.com\/futbol\/wp-json\/wp\/v2\/posts\/359743"}],"collection":[{"href":"http:\/\/desarrollo.grupomedios.com\/futbol\/wp-json\/wp\/v2\/posts"}],"about":[{"href":"http:\/\/desarrollo.grupomedios.com\/futbol\/wp-json\/wp\/v2\/types\/post"}],"author":[{"embeddable":true,"href":"http:\/\/desarrollo.grupomedios.com\/futbol\/wp-json\/wp\/v2\/users\/20"}],"replies":[{"embeddable":true,"href":"http:\/\/desarrollo.grupomedios.com\/futbol\/wp-json\/wp\/v2\/comments?post=359743"}],"version-history":[{"count":0,"href":"http:\/\/desarrollo.grupomedios.com\/futbol\/wp-json\/wp\/v2\/posts\/359743\/revisions"}],"wp:featuredmedia":[{"embeddable":true,"href":"http:\/\/desarrollo.grupomedios.com\/futbol\/wp-json\/wp\/v2\/media\/359750"}],"wp:attachment":[{"href":"http:\/\/desarrollo.grupomedios.com\/futbol\/wp-json\/wp\/v2\/media?parent=359743"}],"wp:term":[{"taxonomy":"category","embeddable":true,"href":"http:\/\/desarrollo.grupomedios.com\/futbol\/wp-json\/wp\/v2\/categories?post=359743"},{"taxonomy":"post_tag","embeddable":true,"href":"http:\/\/desarrollo.grupomedios.com\/futbol\/wp-json\/wp\/v2\/tags?post=359743"}],"curies":[{"name":"wp","href":"https:\/\/api.w.org\/{rel}","templated":true}]}}