{"id":359780,"date":"2016-02-21T16:42:57","date_gmt":"2016-02-21T22:42:57","guid":{"rendered":"http:\/\/futboltotal.com.mx\/?p=359780"},"modified":"2016-02-21T16:42:57","modified_gmt":"2016-02-21T22:42:57","slug":"el-futbolista-no-debe-salir-de-noche-cabanas","status":"publish","type":"post","link":"http:\/\/desarrollo.grupomedios.com\/futbol\/futbol-mexicano\/el-futbolista-no-debe-salir-de-noche-cabanas\/2016\/02","title":{"rendered":"El futbolista no debe salir de noche: Caba\u00f1as"},"content":{"rendered":"<p><b>Salvador Caba\u00f1as<\/b>, quien hace poco m\u00e1s de seis a\u00f1os sufri\u00f3 un atentado en un bar de la ciudad de M\u00e9xico, asegur\u00f3 que el futbolista no debe salir de noche.<\/p>\n<blockquote class=\"twitter-tweet\" data-lang=\"es\">\n<p dir=\"ltr\" lang=\"es\">Fragmento de mi entrevista con Salvador Caba\u00f1as en L.A. El resto en <a href=\"https:\/\/twitter.com\/hoydeportes_USA\">@hoydeportes_USA<\/a> <a href=\"https:\/\/twitter.com\/hashtag\/america?src=hash\">#america<\/a> <a href=\"https:\/\/twitter.com\/hashtag\/aguilas?src=hash\">#aguilas<\/a> <a href=\"https:\/\/t.co\/MezE1ZtLRe\">pic.twitter.com\/MezE1ZtLRe<\/a><\/p>\n<p>\u2014 Eduard Cauich (@ecauich) <a href=\"https:\/\/twitter.com\/ecauich\/status\/701238299218739201\">febrero 21, 2016<\/a><\/p><\/blockquote>\n<p><script src=\"\/\/platform.twitter.com\/widgets.js\" async=\"\" charset=\"utf-8\"><\/script><\/p>\n<p>Hace seis a\u00f1os, <strong>Caba\u00f1as<\/strong> estaba en el apogeo de su carrera como profesional. Sin embargo,\u00a0un disparo en la cabeza (hecho que se dio en el bar por la madrugada), cambi\u00f3 su vida.<\/p>\n<p style=\"text-align: center;\"><span style=\"color: #3366ff;\"><strong><a style=\"color: #3366ff;\" href=\"http:\/\/futboltotal.com.mx\/2016\/01\/me-querian-hacer-mexicano-salvador-cabanas\/\">LEER M\u00c1S: &#8220;Me quer\u00edan hacer mexicano&#8221;: Caba\u00f1as<\/a><\/strong><\/span><\/p>\n<p>\u201cNo quiero ense\u00f1ar a jugar, quiero pero ense\u00f1ar s\u00ed lo que aprend\u00ed durante muchos a\u00f1os&#8221;, dijo <b>Salvador Caba\u00f1as<\/b> en entrevista con el programa <i>Hoy Los \u00c1ngeles<\/i>.\u00a0 \u201cQue\u00a0se cuiden mucho en el aspecto de no salir mucho, de no salir a discotecas y todo eso\u201d, agreg\u00f3 a manera de consejo a los nuevas generaciones de futbolistas.<\/p>\n<p>El pasado\u00a025 de enero se cumplieron seis a\u00f1os de aquel fat\u00eddico atentado que sufri\u00f3\u00a0<strong>Salvador Caba\u00f1as<\/strong>\u00a0en la ciudad de M\u00e9xico. El \u00eddolo de las <a href=\"http:\/\/futboltotal.com.mx\/equipos\/america\/\" target=\"_blank\"><em>\u00c1guilas<\/em> del Am\u00e9rica<\/a> recibi\u00f3 un impacto de bala en la cabeza que lo alej\u00f3 para siempre del futbol profesional.\u00a0Pese a que ya no pudo seguir su trayectoria como profesional, <em>Chava<\/em>\u00a0perdon\u00f3 a Jorge Balderas Garza, su agresor.<\/p>\n","protected":false},"excerpt":{"rendered":"<p>Hace poco m\u00e1s de seis a\u00f1os, Chava sufri\u00f3 un atentado en un bar de la ciudad de M\u00e9xico<\/p>\n","protected":false},"author":20,"featured_media":359783,"comment_status":"closed","ping_status":"closed","sticky":false,"template":"","format":"standard","meta":[],"categories":[3839,2198],"tags":[5959,951],"_links":{"self":[{"href":"http:\/\/desarrollo.grupomedios.com\/futbol\/wp-json\/wp\/v2\/posts\/359780"}],"collection":[{"href":"http:\/\/desarrollo.grupomedios.com\/futbol\/wp-json\/wp\/v2\/posts"}],"about":[{"href":"http:\/\/desarrollo.grupomedios.com\/futbol\/wp-json\/wp\/v2\/types\/post"}],"author":[{"embeddable":true,"href":"http:\/\/desarrollo.grupomedios.com\/futbol\/wp-json\/wp\/v2\/users\/20"}],"replies":[{"embeddable":true,"href":"http:\/\/desarrollo.grupomedios.com\/futbol\/wp-json\/wp\/v2\/comments?post=359780"}],"version-history":[{"count":0,"href":"http:\/\/desarrollo.grupomedios.com\/futbol\/wp-json\/wp\/v2\/posts\/359780\/revisions"}],"wp:featuredmedia":[{"embeddable":true,"href":"http:\/\/desarrollo.grupomedios.com\/futbol\/wp-json\/wp\/v2\/media\/359783"}],"wp:attachment":[{"href":"http:\/\/desarrollo.grupomedios.com\/futbol\/wp-json\/wp\/v2\/media?parent=359780"}],"wp:term":[{"taxonomy":"category","embeddable":true,"href":"http:\/\/desarrollo.grupomedios.com\/futbol\/wp-json\/wp\/v2\/categories?post=359780"},{"taxonomy":"post_tag","embeddable":true,"href":"http:\/\/desarrollo.grupomedios.com\/futbol\/wp-json\/wp\/v2\/tags?post=359780"}],"curies":[{"name":"wp","href":"https:\/\/api.w.org\/{rel}","templated":true}]}}