{"id":359792,"date":"2016-02-21T17:06:21","date_gmt":"2016-02-21T23:06:21","guid":{"rendered":"http:\/\/futboltotal.com.mx\/?p=359792"},"modified":"2016-02-21T17:06:21","modified_gmt":"2016-02-21T23:06:21","slug":"totti-recibe-emotivo-respaldo-de-la-aficion","status":"publish","type":"post","link":"http:\/\/desarrollo.grupomedios.com\/futbol\/futbol-internacional\/totti-recibe-emotivo-respaldo-de-la-aficion\/2016\/02","title":{"rendered":"Totti recibe emotivo respaldo de la afici\u00f3n"},"content":{"rendered":"<p><strong>Francesco Totti<\/strong>, quien <a href=\"http:\/\/futboltotal.com.mx\/2016\/02\/francesco-totti-apartado-de-la-roma\/\" target=\"_blank\">tras pol\u00e9micas declaraciones contra el t\u00e9cnico Luciano Spalletti fue apartado del equipo<\/a>, recibi\u00f3 un emotivo respaldo por parte de la afici\u00f3n de la <strong>Roma<\/strong>, que este domingo se entreg\u00f3 al veterano e hist\u00f3rico jugador del club capitalino.<\/p>\n<p>Con el himno de la <strong>Roma<\/strong> sonando de fondo, <strong>Totti<\/strong> apareci\u00f3 en la tribuna del Ol\u00edmpico para presenciar el partido ante el Palermo de este domingo y todo el p\u00fablico puso sus ojos en el emblem\u00e1tico futbolista, a quien brindaron un emotivo\u00a0respaldo, al tiempo que\u00a0atacaron a Spalletti.<\/p>\n<blockquote class=\"twitter-tweet\" data-lang=\"es\">\n<p dir=\"ltr\" lang=\"it\">L&#8217;affetto dell&#8217;Olimpico per <a href=\"https:\/\/twitter.com\/hashtag\/Totti?src=hash\">#Totti<\/a> e lui si commuove. <a href=\"https:\/\/twitter.com\/hashtag\/RomaPalermo?src=hash\">#RomaPalermo<\/a> <a href=\"https:\/\/t.co\/mN0FtLLNYF\">pic.twitter.com\/mN0FtLLNYF<\/a><\/p>\n<p>\u2014 Alessia Novelli (@Alessia_Nov) <a href=\"https:\/\/twitter.com\/Alessia_Nov\/status\/701493177648287744\">febrero 21, 2016<\/a><\/p><\/blockquote>\n<p><script src=\"\/\/platform.twitter.com\/widgets.js\" async=\"\" charset=\"utf-8\"><\/script><\/p>\n<p style=\"text-align: center;\"><span style=\"color: #3366ff;\"><strong><a style=\"color: #3366ff;\" href=\"http:\/\/futboltotal.com.mx\/2016\/02\/futbolistas-que-jugaron-en-un-solo-club\/\">LLER M\u00c1S: AMOR ETERNO\u2026 El club de los m\u00e1s fieles<\/a><\/strong><\/span><\/p>\n<p>El <em>Capitano<\/em>, apartado de la concentraci\u00f3n por Luciano Spalletti tras las declaraciones (\u201cAs\u00ed no puedo seguir, quiero m\u00e1s respeto\u201d, dijo), pas\u00f3 por los vestuarios y salud\u00f3 a sus compa\u00f1eros, como explic\u00f3 el director general Mauro Baldissoni: \u201c<strong>Francesco Totti<\/strong> est\u00e1 aqu\u00ed y ma\u00f1ana se entrenar\u00e1 normalmente. El <em>mister<\/em> decidi\u00f3 apartarlo por el estado mental del jugador tras la entrevista de ayer, nos doli\u00f3 a todos porque esta noche ten\u00eda que ser protagonista en el campo\u201d.<\/p>\n","protected":false},"excerpt":{"rendered":"<p>El m\u00edtico jugador fue apartado del primer equipo de la Roma<\/p>\n","protected":false},"author":20,"featured_media":359796,"comment_status":"closed","ping_status":"closed","sticky":false,"template":"","format":"standard","meta":[],"categories":[3839,3848,5951],"tags":[2619],"_links":{"self":[{"href":"http:\/\/desarrollo.grupomedios.com\/futbol\/wp-json\/wp\/v2\/posts\/359792"}],"collection":[{"href":"http:\/\/desarrollo.grupomedios.com\/futbol\/wp-json\/wp\/v2\/posts"}],"about":[{"href":"http:\/\/desarrollo.grupomedios.com\/futbol\/wp-json\/wp\/v2\/types\/post"}],"author":[{"embeddable":true,"href":"http:\/\/desarrollo.grupomedios.com\/futbol\/wp-json\/wp\/v2\/users\/20"}],"replies":[{"embeddable":true,"href":"http:\/\/desarrollo.grupomedios.com\/futbol\/wp-json\/wp\/v2\/comments?post=359792"}],"version-history":[{"count":0,"href":"http:\/\/desarrollo.grupomedios.com\/futbol\/wp-json\/wp\/v2\/posts\/359792\/revisions"}],"wp:featuredmedia":[{"embeddable":true,"href":"http:\/\/desarrollo.grupomedios.com\/futbol\/wp-json\/wp\/v2\/media\/359796"}],"wp:attachment":[{"href":"http:\/\/desarrollo.grupomedios.com\/futbol\/wp-json\/wp\/v2\/media?parent=359792"}],"wp:term":[{"taxonomy":"category","embeddable":true,"href":"http:\/\/desarrollo.grupomedios.com\/futbol\/wp-json\/wp\/v2\/categories?post=359792"},{"taxonomy":"post_tag","embeddable":true,"href":"http:\/\/desarrollo.grupomedios.com\/futbol\/wp-json\/wp\/v2\/tags?post=359792"}],"curies":[{"name":"wp","href":"https:\/\/api.w.org\/{rel}","templated":true}]}}