{"id":359906,"date":"2016-02-22T09:09:50","date_gmt":"2016-02-22T15:09:50","guid":{"rendered":"http:\/\/futboltotal.com.mx\/?p=359906"},"modified":"2016-02-22T15:52:38","modified_gmt":"2016-02-22T21:52:38","slug":"ex-presidente-de-barcelona-se-burla-de-penalti-de-cristiano","status":"publish","type":"post","link":"http:\/\/desarrollo.grupomedios.com\/futbol\/destacado-home\/ex-presidente-de-barcelona-se-burla-de-penalti-de-cristiano\/2016\/02","title":{"rendered":"Trollean a Cristiano por penalti fallado"},"content":{"rendered":"<p>El domingo <strong>Real Madrid<\/strong> desaprovech\u00f3 una ventaja m\u00ednima, con lo que ahora la diferencia con respecto al Barcelona es de 9 puntos. En el partido ante el M\u00e1laga en la Rosaleda hubo una falla incluida de Cristiano v\u00eda penal, misma que le impidi\u00f3 llegar a los 23 goles en la Liga y, sobre todo, le ocasion\u00f3 toda clase de burlas en las redes sociales.<\/p>\n<p style=\"text-align: center;\"><strong><span style=\"color: #3366ff;\"><a style=\"color: #3366ff;\" href=\"http:\/\/futboltotal.com.mx\/2016\/02\/que-penalti-fallo-cristiano\/\">LEER M\u00c1S: \u00a1Qu\u00e9 penalti fall\u00f3 Cristiano! <\/a><\/span><\/strong><\/p>\n<p>Dentro de las mofas m\u00e1s destacadas, la de Joan Laporta, expresidente del F\u00fatbol Club Barcelona, que subi\u00f3 a las redes sociales una imagen de Cristiano Ronaldo con el texto &#8220;s\u00e9 porqu\u00e9 he fallado el penalti, pero no lo voy a decir&#8221; en alusi\u00f3n a las palabras del portugu\u00e9s sobre Messi tras el penalti indirecto frente al Celta. El portugu\u00e9s coment\u00f3: &#8220;S\u00e9 por qu\u00e9 Leo ha hecho esto, m\u00e1s no digo. Piensa lo que quieras ahora&#8221;.<\/p>\n<div id=\"fb-root\"><\/div>\n<p><script>\/\/ <![CDATA[\n(function(d, s, id) { var js, fjs = d.getElementsByTagName(s)[0]; if (d.getElementById(id)) return; js = d.createElement(s); js.id = id; js.src = \"\/\/connect.facebook.net\/es_ES\/sdk.js#xfbml=1&#038;version=v2.3\"; fjs.parentNode.insertBefore(js, fjs);}(document, 'script', 'facebook-jssdk'));\n\/\/ ]]><\/script><\/p>\n<div class=\"fb-post\" data-href=\"https:\/\/www.facebook.com\/JoanLaporta.DCat\/posts\/10153448925987799:0\" data-width=\"500\">\n<div class=\"fb-xfbml-parse-ignore\">\n<blockquote cite=\"https:\/\/www.facebook.com\/JoanLaporta.DCat\/posts\/10153448925987799:0\"><p>Sabeu per qu\u00e8 el Xavier Sala-i-Mart\u00edn ha piulat aquesta foto? \ud83d\ude42 \ud83d\ude42 \ud83d\ude42<\/p>\n<p>Posted by <a href=\"https:\/\/www.facebook.com\/JoanLaporta.DCat\/\">Joan Laporta<\/a> on\u00a0<a href=\"https:\/\/www.facebook.com\/JoanLaporta.DCat\/posts\/10153448925987799:0\">Domingo, 21 de febrero de 2016<\/a><\/p><\/blockquote>\n<\/div>\n<\/div>\n","protected":false},"excerpt":{"rendered":"<p>La falla del luso fue motivo de mofas en redes sociales <\/p>\n","protected":false},"author":20,"featured_media":359909,"comment_status":"closed","ping_status":"closed","sticky":false,"template":"","format":"standard","meta":[],"categories":[5,3839],"tags":[5984,1496,5988],"_links":{"self":[{"href":"http:\/\/desarrollo.grupomedios.com\/futbol\/wp-json\/wp\/v2\/posts\/359906"}],"collection":[{"href":"http:\/\/desarrollo.grupomedios.com\/futbol\/wp-json\/wp\/v2\/posts"}],"about":[{"href":"http:\/\/desarrollo.grupomedios.com\/futbol\/wp-json\/wp\/v2\/types\/post"}],"author":[{"embeddable":true,"href":"http:\/\/desarrollo.grupomedios.com\/futbol\/wp-json\/wp\/v2\/users\/20"}],"replies":[{"embeddable":true,"href":"http:\/\/desarrollo.grupomedios.com\/futbol\/wp-json\/wp\/v2\/comments?post=359906"}],"version-history":[{"count":0,"href":"http:\/\/desarrollo.grupomedios.com\/futbol\/wp-json\/wp\/v2\/posts\/359906\/revisions"}],"wp:featuredmedia":[{"embeddable":true,"href":"http:\/\/desarrollo.grupomedios.com\/futbol\/wp-json\/wp\/v2\/media\/359909"}],"wp:attachment":[{"href":"http:\/\/desarrollo.grupomedios.com\/futbol\/wp-json\/wp\/v2\/media?parent=359906"}],"wp:term":[{"taxonomy":"category","embeddable":true,"href":"http:\/\/desarrollo.grupomedios.com\/futbol\/wp-json\/wp\/v2\/categories?post=359906"},{"taxonomy":"post_tag","embeddable":true,"href":"http:\/\/desarrollo.grupomedios.com\/futbol\/wp-json\/wp\/v2\/tags?post=359906"}],"curies":[{"name":"wp","href":"https:\/\/api.w.org\/{rel}","templated":true}]}}