{"id":359921,"date":"2016-02-22T10:39:22","date_gmt":"2016-02-22T16:39:22","guid":{"rendered":"http:\/\/futboltotal.com.mx\/?p=359921"},"modified":"2016-02-22T10:39:22","modified_gmt":"2016-02-22T16:39:22","slug":"miguel-layun-se-roba-portada-en-portugal","status":"publish","type":"post","link":"http:\/\/desarrollo.grupomedios.com\/futbol\/destacado-home\/miguel-layun-se-roba-portada-en-portugal\/2016\/02","title":{"rendered":"Miguel Lay\u00fan se roba portada en Portugal"},"content":{"rendered":"<p>Un duelo el\u00e9ctrico se vivi\u00f3 el domingo en el Estadio Do Dragao. El <strong>Porto<\/strong> se encontraba dos goles por debajo en el marcador, mostrando desatenciones y nula efectividad, hasta que apareci\u00f3 <strong>Miguel Lay\u00fan<\/strong>, que firm\u00f3 su tercer gol del campeonato, segundo de penal y no solo eso, tambi\u00e9n firm\u00f3 su asistencia n\u00famero 15 en la Liga Nos para ayudar a la remontada del conjunto.<\/p>\n<p style=\"text-align: center;\"><strong><span style=\"color: #3366ff;\"><a style=\"color: #3366ff;\" href=\"http:\/\/futboltotal.com.mx\/2016\/02\/miguel-layun-cuarto-mejor-asistidor-del-mundo-2\/\">LEER M\u00c1S: Miguel Lay\u00fan, cuarto mejor asistidor del mundo.<\/a><\/span><\/strong><\/p>\n<p>Tan importante fue la gesta realizada por los Dragones que el diario <em>O Jogo<\/em> resalt\u00f3 que Porto contaba con 40 a\u00f1os sin arreglar un marcador adverso de 0-2 y finalizar con los tres puntos en las estad\u00edsticas. Aun m\u00e1s importante resulta que el prestigioso rotativo luso haya decidido entregar su portada a <strong>Miguel<\/strong> <strong>Lay\u00fan<\/strong>, un referente del equipo en apenas su primera temporada, tanto que es el cobrador de cada pelota parada del club y el mejor pasador en todo el certamen de Portugal.<a href=\"http:\/\/futboltotal.com.mx\/wp-content\/uploads\/2016\/02\/Miguel-Lay\u00fan-portada-de-O-Jogo-en-Portugal.jpg\" rel=\"attachment wp-att-359923\"><img decoding=\"async\" loading=\"lazy\" class=\"alignnone size-full wp-image-359923\" src=\"http:\/\/futboltotal.com.mx\/wp-content\/uploads\/2016\/02\/Miguel-Lay\u00fan-portada-de-O-Jogo-en-Portugal.jpg\" alt=\"Miguel Lay\u00fan, portada de O Jogo en Portugal\" srcset=\"http:\/\/desarrollo.grupomedios.com\/futbol\/wp-content\/uploads\/2016\/02\/Miguel-Lay\u00fan-portada-de-O-Jogo-en-Portugal.jpg 820w, http:\/\/desarrollo.grupomedios.com\/futbol\/wp-content\/uploads\/2016\/02\/Miguel-Lay\u00fan-portada-de-O-Jogo-en-Portugal-300x204.jpg 300w, http:\/\/desarrollo.grupomedios.com\/futbol\/wp-content\/uploads\/2016\/02\/Miguel-Lay\u00fan-portada-de-O-Jogo-en-Portugal-768x523.jpg 768w\" sizes=\"(max-width: 820px) 100vw, 820px\" \/><\/a><\/p>\n<p>&#8220;No podemos comenzar el juego de esa forma, permitir los goles y tener que remontar, mas hay que recordar la garra que el equipo tiene, la ambici\u00f3n que ha mostrado&#8221;, se\u00f1al\u00f3 Lay\u00fan al finalizar el cotejo. Miguel no podr\u00e1 disputar el pr\u00f3ximo juego en Liga debido a que acumul\u00f3 su quinta tarjeta amarilla. &#8220;Queremos conseguir t\u00edtulos y estamos en la lucha, despu\u00e9s de estar 2-0 no es f\u00e1cil recuperar. Tenemos la voluntad de continuar y luchar por cosas importantes.<\/p>\n<p style=\"text-align: center;\"><span style=\"color: #3366ff;\"><strong><a style=\"color: #3366ff;\" href=\"http:\/\/futboltotal.com.mx\/2016\/02\/herrera-y-layun-brillan-en-triunfo-del-porto\/\">LEER M\u00c1S: Herrera y Lay\u00fan brillan en el triunfo del Porto.<\/a><\/strong><\/span><\/p>\n","protected":false},"excerpt":{"rendered":"<p>El diario O Jogo le dio la tapa al mexicano, mejor asistidor de la Liga NOS <\/p>\n","protected":false},"author":20,"featured_media":359922,"comment_status":"closed","ping_status":"closed","sticky":false,"template":"","format":"standard","meta":[],"categories":[5,3839,6718],"tags":[5995,1035,1208],"_links":{"self":[{"href":"http:\/\/desarrollo.grupomedios.com\/futbol\/wp-json\/wp\/v2\/posts\/359921"}],"collection":[{"href":"http:\/\/desarrollo.grupomedios.com\/futbol\/wp-json\/wp\/v2\/posts"}],"about":[{"href":"http:\/\/desarrollo.grupomedios.com\/futbol\/wp-json\/wp\/v2\/types\/post"}],"author":[{"embeddable":true,"href":"http:\/\/desarrollo.grupomedios.com\/futbol\/wp-json\/wp\/v2\/users\/20"}],"replies":[{"embeddable":true,"href":"http:\/\/desarrollo.grupomedios.com\/futbol\/wp-json\/wp\/v2\/comments?post=359921"}],"version-history":[{"count":0,"href":"http:\/\/desarrollo.grupomedios.com\/futbol\/wp-json\/wp\/v2\/posts\/359921\/revisions"}],"wp:featuredmedia":[{"embeddable":true,"href":"http:\/\/desarrollo.grupomedios.com\/futbol\/wp-json\/wp\/v2\/media\/359922"}],"wp:attachment":[{"href":"http:\/\/desarrollo.grupomedios.com\/futbol\/wp-json\/wp\/v2\/media?parent=359921"}],"wp:term":[{"taxonomy":"category","embeddable":true,"href":"http:\/\/desarrollo.grupomedios.com\/futbol\/wp-json\/wp\/v2\/categories?post=359921"},{"taxonomy":"post_tag","embeddable":true,"href":"http:\/\/desarrollo.grupomedios.com\/futbol\/wp-json\/wp\/v2\/tags?post=359921"}],"curies":[{"name":"wp","href":"https:\/\/api.w.org\/{rel}","templated":true}]}}