{"id":360001,"date":"2016-02-22T14:16:21","date_gmt":"2016-02-22T20:16:21","guid":{"rendered":"http:\/\/futboltotal.com.mx\/?p=360001"},"modified":"2016-02-22T15:32:02","modified_gmt":"2016-02-22T21:32:02","slug":"dzeko-se-pierde-un-gol-que-hasta-un-nino-meteria","status":"publish","type":"post","link":"http:\/\/desarrollo.grupomedios.com\/futbol\/videos\/dzeko-se-pierde-un-gol-que-hasta-un-nino-meteria\/2016\/02","title":{"rendered":"Dzeko se pierde un gol que hasta un ni\u00f1o meter\u00eda"},"content":{"rendered":"<p>El delantero bosnio de la Roma, <strong>Edin Dzeko<\/strong>, fall\u00f3 de forma incre\u00edble un gol casi hecho a escasos metros de la l\u00ednea de gol, totalmente s\u00f3lo y sin la oposici\u00f3n del meta rival. Pese a su doblete, el 9 se perdi\u00f3 un gol que hasta un ni\u00f1o meter\u00eda.<\/p>\n<p><iframe loading=\"lazy\" src=\"https:\/\/vine.co\/v\/ir6FaudDam2\/embed\/simple\" frameborder=\"0\"><\/iframe><script src=\"https:\/\/platform.vine.co\/static\/scripts\/embed.js\"><\/script><\/p>\n<p style=\"text-align: center;\"><span style=\"color: #3366ff;\"><strong><a style=\"color: #3366ff;\" href=\"http:\/\/futboltotal.com.mx\/2016\/02\/jugador-expulsa-al-arbitro\/\">LEER M\u00c1S: Jugador expulsa al \u00e1rbitro.<\/a><\/strong><\/span><\/p>\n","protected":false},"excerpt":{"rendered":"<p>El ariete bosnio marc\u00f3 doblete pero se devor\u00f3 una oportunidad incre\u00edble <\/p>\n","protected":false},"author":20,"featured_media":360019,"comment_status":"closed","ping_status":"closed","sticky":false,"template":"","format":"standard","meta":[],"categories":[3839,3848,4],"tags":[2618,627],"_links":{"self":[{"href":"http:\/\/desarrollo.grupomedios.com\/futbol\/wp-json\/wp\/v2\/posts\/360001"}],"collection":[{"href":"http:\/\/desarrollo.grupomedios.com\/futbol\/wp-json\/wp\/v2\/posts"}],"about":[{"href":"http:\/\/desarrollo.grupomedios.com\/futbol\/wp-json\/wp\/v2\/types\/post"}],"author":[{"embeddable":true,"href":"http:\/\/desarrollo.grupomedios.com\/futbol\/wp-json\/wp\/v2\/users\/20"}],"replies":[{"embeddable":true,"href":"http:\/\/desarrollo.grupomedios.com\/futbol\/wp-json\/wp\/v2\/comments?post=360001"}],"version-history":[{"count":0,"href":"http:\/\/desarrollo.grupomedios.com\/futbol\/wp-json\/wp\/v2\/posts\/360001\/revisions"}],"wp:featuredmedia":[{"embeddable":true,"href":"http:\/\/desarrollo.grupomedios.com\/futbol\/wp-json\/wp\/v2\/media\/360019"}],"wp:attachment":[{"href":"http:\/\/desarrollo.grupomedios.com\/futbol\/wp-json\/wp\/v2\/media?parent=360001"}],"wp:term":[{"taxonomy":"category","embeddable":true,"href":"http:\/\/desarrollo.grupomedios.com\/futbol\/wp-json\/wp\/v2\/categories?post=360001"},{"taxonomy":"post_tag","embeddable":true,"href":"http:\/\/desarrollo.grupomedios.com\/futbol\/wp-json\/wp\/v2\/tags?post=360001"}],"curies":[{"name":"wp","href":"https:\/\/api.w.org\/{rel}","templated":true}]}}