{"id":360024,"date":"2016-02-22T15:08:36","date_gmt":"2016-02-22T21:08:36","guid":{"rendered":"http:\/\/futboltotal.com.mx\/?p=360024"},"modified":"2016-02-22T15:19:19","modified_gmt":"2016-02-22T21:19:19","slug":"cristiano-aun-busca-al-mejor-ronaldo","status":"publish","type":"post","link":"http:\/\/desarrollo.grupomedios.com\/futbol\/futbol-internacional\/cristiano-aun-busca-al-mejor-ronaldo\/2016\/02","title":{"rendered":"Cristiano aun busca al mejor Ronaldo"},"content":{"rendered":"<p>La posibilidad del retiro aun no pasa por la mente de <strong>Cristiano Ronaldo<\/strong>. El pr\u00f3ximo verano, el luso disputar\u00e1 su quinta Eurocopa y, sino no pasa nada extra\u00f1o, en 2018 vivir\u00e1 su cuarto mundial. Tiene 31 a\u00f1os y aun le queda una motivaci\u00f3n exquisita para seguir adelante: la competencia.<\/p>\n<p>El m\u00e1ximo anotador del Real Madrid afirm\u00f3 que est\u00e1 a tope y se siente &#8220;joven, con fuerza&#8221; y har\u00e1 lo que este a su alcance para seguir en un \u00f3ptimo nivel hasta que llegue el cuerpo le diga que lleg\u00f3 el momento de colgar las botas.<\/p>\n<p style=\"text-align: center;\"><span style=\"color: #3366ff;\"><strong><a style=\"color: #3366ff;\" href=\"http:\/\/futboltotal.com.mx\/futbol-internacional\/\">LEER M\u00c1S: Todas las noticias de futbol internacional<\/a><\/strong><\/span><\/p>\n<p>&#8220;Disfruto y hago lo que m\u00e1s me gusta, que es jugar al f\u00fatbo. No me pongo metas como jugador de f\u00fatbol, s\u00f3lo el cuerpo y la mente dir\u00e1. Quiero disfrutar y ganar m\u00e1s a nivel colectivo e individual&#8221;, dijo Ronaldo en una entrevista para la firma de modas <em>Sacoor Borthers.<\/em><\/p>\n<p>&#8220;Cuanto m\u00e1s tiempo est\u00e9 en el nivel m\u00e1s alto, mejor ser\u00e1 el futuro porque proporcionar\u00e1 m\u00e1s cosas, m\u00e1s contratos, todo. Y por eso s\u00e9 el gran beneficio de estar en un f\u00fatbol de alto nivel. Esa es mi gran motivaci\u00f3n&#8221;, agreg\u00edo el<em> luso<\/em>, quien revel\u00f3 que en alg\u00fan momento no descartar\u00eda participar en el rodaje de una pel\u00edcula en Hollywood.<\/p>\n<p><strong>Cristiano<\/strong> reiter\u00f3 que aun tiene mucho por ganar dentro del futbol. No solo quiere m\u00e1s que distinciones individuales sino tambi\u00e9n t\u00edtulos colectivos. Por lo pronto, esta campa\u00f1a anhela trascender con el Real Madrid en Champions League y a nivel selecci\u00f3n en la Eurocopa de Francia 2016.<\/p>\n<p style=\"text-align: center;\"><span style=\"color: #3366ff;\"><strong><a style=\"color: #3366ff;\" href=\"http:\/\/futboltotal.com.mx\/?s=Real+Madrid\">LEER M\u00c1S: Todas las noticias del Real Madrid<\/a><\/strong><\/span><\/p>\n","protected":false},"excerpt":{"rendered":"<p>La leyenda del Real Madrid mand\u00f3 un contundente mensaje a sus detractores <\/p>\n","protected":false},"author":20,"featured_media":360037,"comment_status":"closed","ping_status":"closed","sticky":false,"template":"","format":"standard","meta":[],"categories":[3839,3844],"tags":[6013,715,5988],"_links":{"self":[{"href":"http:\/\/desarrollo.grupomedios.com\/futbol\/wp-json\/wp\/v2\/posts\/360024"}],"collection":[{"href":"http:\/\/desarrollo.grupomedios.com\/futbol\/wp-json\/wp\/v2\/posts"}],"about":[{"href":"http:\/\/desarrollo.grupomedios.com\/futbol\/wp-json\/wp\/v2\/types\/post"}],"author":[{"embeddable":true,"href":"http:\/\/desarrollo.grupomedios.com\/futbol\/wp-json\/wp\/v2\/users\/20"}],"replies":[{"embeddable":true,"href":"http:\/\/desarrollo.grupomedios.com\/futbol\/wp-json\/wp\/v2\/comments?post=360024"}],"version-history":[{"count":0,"href":"http:\/\/desarrollo.grupomedios.com\/futbol\/wp-json\/wp\/v2\/posts\/360024\/revisions"}],"wp:featuredmedia":[{"embeddable":true,"href":"http:\/\/desarrollo.grupomedios.com\/futbol\/wp-json\/wp\/v2\/media\/360037"}],"wp:attachment":[{"href":"http:\/\/desarrollo.grupomedios.com\/futbol\/wp-json\/wp\/v2\/media?parent=360024"}],"wp:term":[{"taxonomy":"category","embeddable":true,"href":"http:\/\/desarrollo.grupomedios.com\/futbol\/wp-json\/wp\/v2\/categories?post=360024"},{"taxonomy":"post_tag","embeddable":true,"href":"http:\/\/desarrollo.grupomedios.com\/futbol\/wp-json\/wp\/v2\/tags?post=360024"}],"curies":[{"name":"wp","href":"https:\/\/api.w.org\/{rel}","templated":true}]}}