{"id":360035,"date":"2016-02-22T15:09:40","date_gmt":"2016-02-22T21:09:40","guid":{"rendered":"http:\/\/futboltotal.com.mx\/?p=360035"},"modified":"2016-02-22T15:10:42","modified_gmt":"2016-02-22T21:10:42","slug":"el-nuevo-apodo-de-cristiano-ronaldo","status":"publish","type":"post","link":"http:\/\/desarrollo.grupomedios.com\/futbol\/videos\/el-nuevo-apodo-de-cristiano-ronaldo\/2016\/02","title":{"rendered":"El nuevo apodo de Cristiano Ronaldo"},"content":{"rendered":"<p>Hay pocos lugares en Espa\u00f1a donde <strong>Cristiano Ronaldo<\/strong> no recibe silbidos. Si hasta en el Santiago Bernab\u00e9u el crack luso ha recibido uno que otro reproche, no es de extra\u00f1ar que en cada visita de los merengues el blanco preferido de las burlas sea el 7.<\/p>\n<p>As\u00ed ocurri\u00f3 desde el silbatazo inicial en la Rosaleda, pues la fanaticada del M\u00e1laga no dej\u00f3 de abuchearlo y reprocharle cada gesto, movimiento o acci\u00f3n. Y las manifestaciones de repudio se multiplicaron con el gol de <strong>Cristiano Ronaldo<\/strong>, pues el luso se fue a retar a la afici\u00f3n, se\u00f1alando que no escuchaba los gritos.<\/p>\n<p>Esa situaci\u00f3n que enfad\u00f3 m\u00e1s a los malacitanos, que inclusive le nombraron con un hilarante: &#8220;Cristiano vende toallas, Cristiano vende toallas&#8221;, eso como los gritos m\u00e1s decorosos, pues hubo varios insultos para el luso, que no pasa indiferente para nadie.<\/p>\n<p><iframe loading=\"lazy\" src=\"https:\/\/www.youtube.com\/embed\/MpXuuPjWIAc\" frameborder=\"0\" allowfullscreen=\"allowfullscreen\"><\/iframe><\/p>\n<p style=\"text-align: center;\"><strong><span style=\"color: #3366ff;\"><a style=\"color: #3366ff;\" href=\"http:\/\/futboltotal.com.mx\/2016\/02\/el-enojo-de-zidane-con-cristiano-ronaldo\/\">LEER M\u00c1S: El enojo de Zidane con Cristiano Ronaldo.<\/a><\/span><\/strong><\/p>\n","protected":false},"excerpt":{"rendered":"<p>En la Rosaleda, casa del M\u00e1laga. nombraron de peculiar manera al crack <\/p>\n","protected":false},"author":20,"featured_media":360039,"comment_status":"closed","ping_status":"closed","sticky":false,"template":"","format":"standard","meta":[],"categories":[3839,3844,4],"tags":[6013,5988],"_links":{"self":[{"href":"http:\/\/desarrollo.grupomedios.com\/futbol\/wp-json\/wp\/v2\/posts\/360035"}],"collection":[{"href":"http:\/\/desarrollo.grupomedios.com\/futbol\/wp-json\/wp\/v2\/posts"}],"about":[{"href":"http:\/\/desarrollo.grupomedios.com\/futbol\/wp-json\/wp\/v2\/types\/post"}],"author":[{"embeddable":true,"href":"http:\/\/desarrollo.grupomedios.com\/futbol\/wp-json\/wp\/v2\/users\/20"}],"replies":[{"embeddable":true,"href":"http:\/\/desarrollo.grupomedios.com\/futbol\/wp-json\/wp\/v2\/comments?post=360035"}],"version-history":[{"count":0,"href":"http:\/\/desarrollo.grupomedios.com\/futbol\/wp-json\/wp\/v2\/posts\/360035\/revisions"}],"wp:featuredmedia":[{"embeddable":true,"href":"http:\/\/desarrollo.grupomedios.com\/futbol\/wp-json\/wp\/v2\/media\/360039"}],"wp:attachment":[{"href":"http:\/\/desarrollo.grupomedios.com\/futbol\/wp-json\/wp\/v2\/media?parent=360035"}],"wp:term":[{"taxonomy":"category","embeddable":true,"href":"http:\/\/desarrollo.grupomedios.com\/futbol\/wp-json\/wp\/v2\/categories?post=360035"},{"taxonomy":"post_tag","embeddable":true,"href":"http:\/\/desarrollo.grupomedios.com\/futbol\/wp-json\/wp\/v2\/tags?post=360035"}],"curies":[{"name":"wp","href":"https:\/\/api.w.org\/{rel}","templated":true}]}}