{"id":360083,"date":"2016-02-23T09:00:52","date_gmt":"2016-02-23T15:00:52","guid":{"rendered":"http:\/\/futboltotal.com.mx\/?p=360083"},"modified":"2016-03-22T09:19:29","modified_gmt":"2016-03-22T15:19:29","slug":"futbolistas-con-apodos-belicos","status":"publish","type":"post","link":"http:\/\/desarrollo.grupomedios.com\/futbol\/futbol-internacional\/futbolistas-con-apodos-belicos\/2016\/02","title":{"rendered":"Futbolistas con apodos b\u00e9licos"},"content":{"rendered":"<p>El <strong>futbol<\/strong> deber\u00eda estar alejado por completo del fen\u00f3meno b\u00e9lico, sin embargo, los apodos, tan vinculados al balompi\u00e9, han provocado una conexi\u00f3n metaf\u00f3rica generalmente por las cualidades de los ofensivos ante las defensas rivales y ante los guardianes de la porter\u00eda.<\/p>\n<p style=\"text-align: center;\"><span style=\"color: #3366ff;\"><strong><a style=\"color: #3366ff;\" href=\"http:\/\/futboltotal.com.mx\/2016\/02\/futbolistas-con-apodos-de-dios\/\">LEER M\u00c1S: Futbolistas con apodo de Dios. <\/a><\/strong><\/span><\/p>\n<p>Del lat\u00edn <em>bellicus<\/em>, la palabra b\u00e9lico es un adjetivo que permite hacer referencia a aquello perteneciente a la guerra. Por ello, en el rect\u00e1ngulo verde se hacen analog\u00edas con las batallas y a muchos delanteros se le cuelgan motes o apodos referentes con la destrucci\u00f3n.<\/p>\n<p><em>Matadores<\/em>, <em>Bombarderos<\/em> y otras cuantas armas de destrucci\u00f3n o calificativos\u00a0para denominar a las personas violentas, son repasadas en este peculiar cat\u00e1logo de<strong> futbolistas con apodos b\u00e9licos.<\/strong><\/p>\n<p><img decoding=\"async\" class=\"alwaysThinglink\" style=\"max-width: 100%;\" src=\"\/\/cdn.thinglink.me\/api\/image\/758456902370721793\/1024\/10\/scaletowidth#tl-758456902370721793;1043138249'\" alt=\"Futbolistas con apodos b\u00e9licos 0\" \/><script src=\"\/\/cdn.thinglink.me\/jse\/embed.js\" async=\"\" charset=\"utf-8\"><\/script><\/p>\n<p style=\"text-align: center;\"><span style=\"color: #3366ff;\"><strong>LEER M\u00c1S: \u00a1Futbolistas con apodo de&#8230;comida!<\/strong><\/span><\/p>\n","protected":false},"excerpt":{"rendered":"<p>Sus virtudes le provocaron analog\u00edas de terror en sus motess<\/p>\n","protected":false},"author":20,"featured_media":382748,"comment_status":"closed","ping_status":"closed","sticky":false,"template":"","format":"standard","meta":[],"categories":[3839,5951],"tags":[6819,6789,6048,2113,82,5558],"_links":{"self":[{"href":"http:\/\/desarrollo.grupomedios.com\/futbol\/wp-json\/wp\/v2\/posts\/360083"}],"collection":[{"href":"http:\/\/desarrollo.grupomedios.com\/futbol\/wp-json\/wp\/v2\/posts"}],"about":[{"href":"http:\/\/desarrollo.grupomedios.com\/futbol\/wp-json\/wp\/v2\/types\/post"}],"author":[{"embeddable":true,"href":"http:\/\/desarrollo.grupomedios.com\/futbol\/wp-json\/wp\/v2\/users\/20"}],"replies":[{"embeddable":true,"href":"http:\/\/desarrollo.grupomedios.com\/futbol\/wp-json\/wp\/v2\/comments?post=360083"}],"version-history":[{"count":0,"href":"http:\/\/desarrollo.grupomedios.com\/futbol\/wp-json\/wp\/v2\/posts\/360083\/revisions"}],"wp:featuredmedia":[{"embeddable":true,"href":"http:\/\/desarrollo.grupomedios.com\/futbol\/wp-json\/wp\/v2\/media\/382748"}],"wp:attachment":[{"href":"http:\/\/desarrollo.grupomedios.com\/futbol\/wp-json\/wp\/v2\/media?parent=360083"}],"wp:term":[{"taxonomy":"category","embeddable":true,"href":"http:\/\/desarrollo.grupomedios.com\/futbol\/wp-json\/wp\/v2\/categories?post=360083"},{"taxonomy":"post_tag","embeddable":true,"href":"http:\/\/desarrollo.grupomedios.com\/futbol\/wp-json\/wp\/v2\/tags?post=360083"}],"curies":[{"name":"wp","href":"https:\/\/api.w.org\/{rel}","templated":true}]}}