{"id":360104,"date":"2016-02-22T18:11:53","date_gmt":"2016-02-23T00:11:53","guid":{"rendered":"http:\/\/futboltotal.com.mx\/?p=360104"},"modified":"2016-02-22T18:11:53","modified_gmt":"2016-02-23T00:11:53","slug":"rommel-pacheco-crack-dentro-y-fuera-de-la-piscina","status":"publish","type":"post","link":"http:\/\/desarrollo.grupomedios.com\/futbol\/videos\/rommel-pacheco-crack-dentro-y-fuera-de-la-piscina\/2016\/02","title":{"rendered":"Rommel Pacheco, \u00a1crack dentro y fuera de la piscina!"},"content":{"rendered":"<p><strong>Rommel Pacheco<\/strong> se colg\u00f3 la medalla de oro en el <strong>Mundial de Clavados<\/strong>\u00a0tras\u00a0quedarse con la primera posici\u00f3n desde el trampol\u00edn de tres metros. Y en la premiaci\u00f3n, dada la sanci\u00f3n que sufre la Federaci\u00f3n Mexicana de Nataci\u00f3n, son\u00f3\u00a0el himno y se izo la bandera de la Federaci\u00f3n Internacional de Nataci\u00f3n (<strong>FINA<\/strong>). Pese a ello, el clavadista yucateco, quien\u00a0sali\u00f3 con una playera de <em>Popeye<\/em>, enton\u00f3 el <strong>Himno Nacional<\/strong>\u00a0luego de recibir su presea en lo m\u00e1s alto del podio.<\/p>\n<div id=\"fb-root\"><\/div>\n<p><script>\/\/ <![CDATA[\n(function(d, s, id) { var js, fjs = d.getElementsByTagName(s)[0]; if (d.getElementById(id)) return; js = d.createElement(s); js.id = id; js.src = \"\/\/connect.facebook.net\/es_LA\/sdk.js#xfbml=1&#038;version=v2.3\"; fjs.parentNode.insertBefore(js, fjs);}(document, 'script', 'facebook-jssdk'));\n\/\/ ]]><\/script><\/p>\n<div class=\"fb-video\" data-allowfullscreen=\"1\" data-href=\"https:\/\/www.facebook.com\/clarosports\/videos\/1012648725455988\/\">\n<div class=\"fb-xfbml-parse-ignore\">\n<blockquote cite=\"https:\/\/www.facebook.com\/clarosports\/videos\/1012648725455988\/\"><p><a href=\"https:\/\/www.facebook.com\/clarosports\/videos\/1012648725455988\/\">Premiaci\u00f3n final varonil 3M<\/a>\u00a1Momento hist\u00f3rico! Pese a la medalla de oro del mexicano, Rommel Pacheco, no se entona el himno nacional ni aparece la bandera de nuestro pa\u00eds. A\u00fan as\u00ed, \u00a1Rommel canta el himno de M\u00e9xico!<\/p>\n<p>Posted by <a href=\"https:\/\/www.facebook.com\/clarosports\/\">Claro Sports<\/a> on lunes, 22 de febrero de 2016<\/p><\/blockquote>\n<\/div>\n<\/div>\n<p><strong>Rommel Pacheco<\/strong> termin\u00f3 con un puntaje final de 504.40 tras seis ejecuciones, superando al jamaicano Yona Knight (459.25) y el estadunidense Kristian Ipsen (547.60), segundo y tercer lugar, respectivamente.<\/p>\n<p><span style=\"color: #ff0000;\"><strong>11 BOLETOS OL\u00cdMPICOS<\/strong><\/span> | Cabe destacar que la <strong>Selecci\u00f3n Nacional de Clavado<\/strong>s consigui\u00f3 seis boletos ol\u00edmpicos a trav\u00e9s del <strong>Mundial<\/strong>\u00a0de la especialidad celebrada en R\u00edo de Janeiro, Brasil, para un total de 11 plazas de 12 posibles.<\/p>\n<p><strong>M\u00e9xico<\/strong> hab\u00eda conseguido ya otros cinco boletos: uno en los Juegos Panamericanos de Toronto 2015 con la medalla de oro de Paola Espinosa en la plataforma de 10 metros, as\u00ed como cuatro a trav\u00e9s del Campeonato Mundial de la <strong>FINA<\/strong> en Kaz\u00e1n.<\/p>\n<p>Con estos once boletos para R\u00edo 2016, <strong>M\u00e9xico<\/strong> repite el n\u00famero de plazas con las que compiti\u00f3 en los Juegos Ol\u00edmpicos de Londres 2012, que es tambi\u00e9n el m\u00e1ximo n\u00famero con el que el pa\u00eds ha asistido desde la inclusi\u00f3n de los clavados sincronizados en S\u00eddney 2000.<\/p>\n","protected":false},"excerpt":{"rendered":"<p>Pese a sanci\u00f3n de la FINA, el clavadista mexicano enton\u00f3 el Himno Nacional<\/p>\n","protected":false},"author":20,"featured_media":360106,"comment_status":"closed","ping_status":"closed","sticky":false,"template":"","format":"standard","meta":[],"categories":[5418,4],"tags":[3351,6817],"_links":{"self":[{"href":"http:\/\/desarrollo.grupomedios.com\/futbol\/wp-json\/wp\/v2\/posts\/360104"}],"collection":[{"href":"http:\/\/desarrollo.grupomedios.com\/futbol\/wp-json\/wp\/v2\/posts"}],"about":[{"href":"http:\/\/desarrollo.grupomedios.com\/futbol\/wp-json\/wp\/v2\/types\/post"}],"author":[{"embeddable":true,"href":"http:\/\/desarrollo.grupomedios.com\/futbol\/wp-json\/wp\/v2\/users\/20"}],"replies":[{"embeddable":true,"href":"http:\/\/desarrollo.grupomedios.com\/futbol\/wp-json\/wp\/v2\/comments?post=360104"}],"version-history":[{"count":0,"href":"http:\/\/desarrollo.grupomedios.com\/futbol\/wp-json\/wp\/v2\/posts\/360104\/revisions"}],"wp:featuredmedia":[{"embeddable":true,"href":"http:\/\/desarrollo.grupomedios.com\/futbol\/wp-json\/wp\/v2\/media\/360106"}],"wp:attachment":[{"href":"http:\/\/desarrollo.grupomedios.com\/futbol\/wp-json\/wp\/v2\/media?parent=360104"}],"wp:term":[{"taxonomy":"category","embeddable":true,"href":"http:\/\/desarrollo.grupomedios.com\/futbol\/wp-json\/wp\/v2\/categories?post=360104"},{"taxonomy":"post_tag","embeddable":true,"href":"http:\/\/desarrollo.grupomedios.com\/futbol\/wp-json\/wp\/v2\/tags?post=360104"}],"curies":[{"name":"wp","href":"https:\/\/api.w.org\/{rel}","templated":true}]}}