{"id":360201,"date":"2016-02-23T10:08:01","date_gmt":"2016-02-23T16:08:01","guid":{"rendered":"http:\/\/futboltotal.com.mx\/?p=360201"},"modified":"2016-02-23T10:09:26","modified_gmt":"2016-02-23T16:09:26","slug":"broma-de-marcelo-y-penal-fallado-de-cristiano","status":"publish","type":"post","link":"http:\/\/desarrollo.grupomedios.com\/futbol\/videos\/broma-de-marcelo-y-penal-fallado-de-cristiano\/2016\/02","title":{"rendered":"Broma de Marcelo y penalti fallado de Cristiano"},"content":{"rendered":"<p>El duelo ante M\u00e1laga del pasado fin de semana fue m\u00e1s que sufrido para el Real Madrid y <strong>Cristiano Ronaldo, <\/strong>quien abri\u00f3 el marcador y despu\u00e9s tuvo la oportunidad de ampliar la ventaja tras una falta de Wellington en el \u00e1rea.<\/p>\n<p>Cuando <strong>Cristiano<\/strong> se perfilaba mir\u00f3 a Marcelo dar una palmadita al defensa del M\u00e1laga, Albentosa, y decirle: &#8220;Es bueno y no falla&#8221;. Luego el brasile\u00f1o eleva las manos al cielo invocando al se\u00f1or gol y <em>CR7<\/em> cobra de mala forma y Kameni adivina y tapa. El luso pas\u00f3 del festejo euf\u00f3rico al semblante frustrado. Sin gol.<\/p>\n<p><iframe loading=\"lazy\" src=\"https:\/\/www.youtube.com\/embed\/BsLNsm9clMg\" frameborder=\"0\" allowfullscreen=\"allowfullscreen\"><\/iframe><\/p>\n","protected":false},"excerpt":{"rendered":"<p>El lateral se mofa de Albentosa antes de que CR7 errara un penalti ante Kameni<\/p>\n","protected":false},"author":20,"featured_media":360213,"comment_status":"closed","ping_status":"closed","sticky":false,"template":"","format":"standard","meta":[],"categories":[3839,3844,4],"tags":[6013,5988],"_links":{"self":[{"href":"http:\/\/desarrollo.grupomedios.com\/futbol\/wp-json\/wp\/v2\/posts\/360201"}],"collection":[{"href":"http:\/\/desarrollo.grupomedios.com\/futbol\/wp-json\/wp\/v2\/posts"}],"about":[{"href":"http:\/\/desarrollo.grupomedios.com\/futbol\/wp-json\/wp\/v2\/types\/post"}],"author":[{"embeddable":true,"href":"http:\/\/desarrollo.grupomedios.com\/futbol\/wp-json\/wp\/v2\/users\/20"}],"replies":[{"embeddable":true,"href":"http:\/\/desarrollo.grupomedios.com\/futbol\/wp-json\/wp\/v2\/comments?post=360201"}],"version-history":[{"count":0,"href":"http:\/\/desarrollo.grupomedios.com\/futbol\/wp-json\/wp\/v2\/posts\/360201\/revisions"}],"wp:featuredmedia":[{"embeddable":true,"href":"http:\/\/desarrollo.grupomedios.com\/futbol\/wp-json\/wp\/v2\/media\/360213"}],"wp:attachment":[{"href":"http:\/\/desarrollo.grupomedios.com\/futbol\/wp-json\/wp\/v2\/media?parent=360201"}],"wp:term":[{"taxonomy":"category","embeddable":true,"href":"http:\/\/desarrollo.grupomedios.com\/futbol\/wp-json\/wp\/v2\/categories?post=360201"},{"taxonomy":"post_tag","embeddable":true,"href":"http:\/\/desarrollo.grupomedios.com\/futbol\/wp-json\/wp\/v2\/tags?post=360201"}],"curies":[{"name":"wp","href":"https:\/\/api.w.org\/{rel}","templated":true}]}}