{"id":360216,"date":"2016-02-23T10:50:15","date_gmt":"2016-02-23T16:50:15","guid":{"rendered":"http:\/\/futboltotal.com.mx\/?p=360216"},"modified":"2016-02-23T11:45:26","modified_gmt":"2016-02-23T17:45:26","slug":"guardiola-quiere-en-el-city-a-jugador-del-arsenal","status":"publish","type":"post","link":"http:\/\/desarrollo.grupomedios.com\/futbol\/futbol-internacional\/guardiola-quiere-en-el-city-a-jugador-del-arsenal\/2016\/02","title":{"rendered":"Guardiola quiere en el City a jugador del Arsenal"},"content":{"rendered":"<p>La llegada de<strong> Josep Guardiola<\/strong> al banquillo del <strong>Manchester City<\/strong> incluir\u00e1 nuevas caras en el cuerpo t\u00e9cnico del equipo. Una de ellas puede ser el actual jugador del Arsenal, Mikel Arteta, exjugador del Barcelona B que ahora vive el ocaso de su carrera en la Premier League.<\/p>\n<p>El <em>Santpedor<\/em> podr\u00eda incorporar a su connacional como segundo entrenador de los <em>Citizens<\/em> y ya lo habr\u00eda contactado para ofrecerle el puesto, seg\u00fan indica el diario<em> The Times. <\/em>De hecho, ya se habr\u00edan entrevistado en d\u00eda pasados y en la charla habr\u00eda estado presente el preparador f\u00edsico Lorenzo Buenaventura, quien ser\u00e1 parte del staff de <em>Pep<\/em> y colaborar\u00eda directamente con Arteta.<\/p>\n<p>En la presente temporada, Mikel afronta su quinta temporada con el Arsenal; sin embargo, podr\u00eda plantearse iniciar un periplo por los banquillos ante la falta de minutos con los<em> Gunners. <\/em>En este tenor, la \u00fanica experiencia que tiene el centrocampista de 33 a\u00f1os es trabajando con las categor\u00edas inferiores del Arsenal y de la selecci\u00f3n de Gales.<\/p>\n<p style=\"text-align: center;\"><span style=\"color: #3366ff;\"><strong><a style=\"color: #3366ff;\" href=\"http:\/\/futboltotal.com.mx\/futbol-internacional\/\">LEER M\u00c1S: Todas las noticias de futbol internacional<\/a><\/strong><\/span><\/p>\n<p>&nbsp;<\/p>\n<p>&nbsp;<\/p>\n","protected":false},"excerpt":{"rendered":"<p>El futuro DT de los Citizens fichar\u00eda a un viejo conocido para su cuerpo t\u00e9cnico <\/p>\n","protected":false},"author":20,"featured_media":360219,"comment_status":"closed","ping_status":"closed","sticky":false,"template":"","format":"standard","meta":[],"categories":[3839,3846,5951],"tags":[2510,5993],"_links":{"self":[{"href":"http:\/\/desarrollo.grupomedios.com\/futbol\/wp-json\/wp\/v2\/posts\/360216"}],"collection":[{"href":"http:\/\/desarrollo.grupomedios.com\/futbol\/wp-json\/wp\/v2\/posts"}],"about":[{"href":"http:\/\/desarrollo.grupomedios.com\/futbol\/wp-json\/wp\/v2\/types\/post"}],"author":[{"embeddable":true,"href":"http:\/\/desarrollo.grupomedios.com\/futbol\/wp-json\/wp\/v2\/users\/20"}],"replies":[{"embeddable":true,"href":"http:\/\/desarrollo.grupomedios.com\/futbol\/wp-json\/wp\/v2\/comments?post=360216"}],"version-history":[{"count":0,"href":"http:\/\/desarrollo.grupomedios.com\/futbol\/wp-json\/wp\/v2\/posts\/360216\/revisions"}],"wp:featuredmedia":[{"embeddable":true,"href":"http:\/\/desarrollo.grupomedios.com\/futbol\/wp-json\/wp\/v2\/media\/360219"}],"wp:attachment":[{"href":"http:\/\/desarrollo.grupomedios.com\/futbol\/wp-json\/wp\/v2\/media?parent=360216"}],"wp:term":[{"taxonomy":"category","embeddable":true,"href":"http:\/\/desarrollo.grupomedios.com\/futbol\/wp-json\/wp\/v2\/categories?post=360216"},{"taxonomy":"post_tag","embeddable":true,"href":"http:\/\/desarrollo.grupomedios.com\/futbol\/wp-json\/wp\/v2\/tags?post=360216"}],"curies":[{"name":"wp","href":"https:\/\/api.w.org\/{rel}","templated":true}]}}