{"id":360238,"date":"2016-02-23T11:42:52","date_gmt":"2016-02-23T17:42:52","guid":{"rendered":"http:\/\/futboltotal.com.mx\/?p=360238"},"modified":"2016-02-23T11:43:02","modified_gmt":"2016-02-23T17:43:02","slug":"antonio-conte-proximo-dt-de-chelsea","status":"publish","type":"post","link":"http:\/\/desarrollo.grupomedios.com\/futbol\/futbol-internacional\/antonio-conte-proximo-dt-de-chelsea\/2016\/02","title":{"rendered":"Antonio Conte, \u00bfpr\u00f3ximo DT de Chelsea?"},"content":{"rendered":"<p>El entrenador holand\u00e9s, Guus Hiddink, no seguir\u00e1 al frente del <strong>Chelsea<\/strong> para la siguiente campa\u00f1a. Termina su interinato en verano y quien figura como la primera opci\u00f3n para relevarlo es <strong>Antonio Cont<\/strong>e, actual director t\u00e9cnico de la <strong>Selecci\u00f3n de Italia.<\/strong><\/p>\n<p>Aunque en la baraja de opciones tambi\u00e9n est\u00e1n el argentino Diego Simeone y Massimiliano Allegri, que dirigen en el presente curso al Atl\u00e9tico de Madrid y Juventus, <strong>Antonio Conte<\/strong> gana bonos par asumir el cargo y, tras haber sido contactado por los altos mandos del club, solo falta que el propietario del club, Roman Abramovich, de luz verde para comenzar la negociaci\u00f3n, misma en la que de por medio habr\u00e1 un contrato por tres temporadas.<\/p>\n<p style=\"text-align: center;\"><span style=\"color: #3366ff;\"><strong><a style=\"color: #3366ff;\" href=\"http:\/\/futboltotal.com.mx\/futbol-internacional\/\">LEER M\u00c1S: Todas las noticias de futbol internacional<\/a><\/strong><\/span><\/p>\n<p>Seg\u00fan informan la prensa internacional, la decisi\u00f3n del propietario del conjunto londinense podr\u00e1 darse en el pr\u00f3ximo mes de marzo y ser\u00e1 entonces cuando la directiva comience a definirse pormenores de la llegada de Conte -objetivos a corto y mediano plazo, salarios, primas, presupuesto para fichajes, entre otros-.<\/p>\n<p>El timonel italiano actualmente est\u00e1 concentrado para la disputa de la <strong>Eurocopa 2016 <\/strong>y llegar\u00eda a los <em>Blues <\/em>despu\u00e9s de haber disputado el certamen, todavez que para entonces habr\u00e1 concludio el contrato que firm\u00f3 por dos a\u00f1os con la<em> Azzurra, <\/em>en agosto del 2014.<\/p>\n","protected":false},"excerpt":{"rendered":"<p>El seleccionador de Italia tomar\u00eda las riendas de los Blues tras la Eurocopa 2016<\/p>\n","protected":false},"author":20,"featured_media":360251,"comment_status":"closed","ping_status":"closed","sticky":false,"template":"","format":"standard","meta":[],"categories":[3839,5951],"tags":[2354,5981],"_links":{"self":[{"href":"http:\/\/desarrollo.grupomedios.com\/futbol\/wp-json\/wp\/v2\/posts\/360238"}],"collection":[{"href":"http:\/\/desarrollo.grupomedios.com\/futbol\/wp-json\/wp\/v2\/posts"}],"about":[{"href":"http:\/\/desarrollo.grupomedios.com\/futbol\/wp-json\/wp\/v2\/types\/post"}],"author":[{"embeddable":true,"href":"http:\/\/desarrollo.grupomedios.com\/futbol\/wp-json\/wp\/v2\/users\/20"}],"replies":[{"embeddable":true,"href":"http:\/\/desarrollo.grupomedios.com\/futbol\/wp-json\/wp\/v2\/comments?post=360238"}],"version-history":[{"count":0,"href":"http:\/\/desarrollo.grupomedios.com\/futbol\/wp-json\/wp\/v2\/posts\/360238\/revisions"}],"wp:featuredmedia":[{"embeddable":true,"href":"http:\/\/desarrollo.grupomedios.com\/futbol\/wp-json\/wp\/v2\/media\/360251"}],"wp:attachment":[{"href":"http:\/\/desarrollo.grupomedios.com\/futbol\/wp-json\/wp\/v2\/media?parent=360238"}],"wp:term":[{"taxonomy":"category","embeddable":true,"href":"http:\/\/desarrollo.grupomedios.com\/futbol\/wp-json\/wp\/v2\/categories?post=360238"},{"taxonomy":"post_tag","embeddable":true,"href":"http:\/\/desarrollo.grupomedios.com\/futbol\/wp-json\/wp\/v2\/tags?post=360238"}],"curies":[{"name":"wp","href":"https:\/\/api.w.org\/{rel}","templated":true}]}}