{"id":360294,"date":"2016-02-23T13:59:36","date_gmt":"2016-02-23T19:59:36","guid":{"rendered":"http:\/\/futboltotal.com.mx\/?p=360294"},"modified":"2016-02-23T13:59:37","modified_gmt":"2016-02-23T19:59:37","slug":"zidane-mas-cerca-de-su-refuerzo-deseado-para-real-madrid","status":"publish","type":"post","link":"http:\/\/desarrollo.grupomedios.com\/futbol\/futbol-internacional\/zidane-mas-cerca-de-su-refuerzo-deseado-para-real-madrid\/2016\/02","title":{"rendered":"Zidane, m\u00e1s cerca de refuerzo deseado para Real Madrid"},"content":{"rendered":"<p>Hace unas semanas <strong>Eden Hazard<\/strong> confes\u00f3 su deseo de jugar alg\u00fan d\u00eda a las \u00f3rdenes del \u00eddolo del <strong>Real Madrid<\/strong>, <strong>Zinedine Zidane<\/strong>. \u201cMe gustar\u00eda ser entrenador por \u00e9l. Cuando era peque\u00f1o, le ve\u00eda en televisi\u00f3n e Internet durante horas\u201d, expres\u00f3 al diario<em> Nouvelle Gazette.<\/em><\/p>\n<p>En el pasado tambi\u00e9n reiter\u00f3 su compromiso a largo plazo con el Chelsea, pero quiz\u00e1s en verano, ese idilio llegue a su fin. Y es que Eden Hazard fue claro: ser\u00eda imposible negarse a una oferta del Real Madrid.<\/p>\n<p style=\"text-align: center;\"><span style=\"color: #3366ff;\"><strong><a style=\"color: #3366ff;\" href=\"http:\/\/futboltotal.com.mx\/2016\/02\/el-enojo-de-zidane-con-cristiano-ronaldo\/\">LEER M\u00c1S: El enojo de Zidane con Cristiano Ronaldo.<\/a><\/strong><\/span><\/p>\n<p>Al menos eso es lo que publica <em>The Telegraph<\/em>. El rotativo asegura que Hazard habr\u00eda transmitido a sus amigos la intenci\u00f3n de permanecer en el Chelsea siempre y cuando no llame a la puerta el Real Madrid. En ese caso, estudiar\u00eda la oferta y ser\u00eda muy dif\u00edcil decir que no a la entidad merengue, dirigida por <strong>Zidane<\/strong> y con quien comparte una admiraci\u00f3n mutua.<\/p>\n<p>Hay que recordar que Adem\u00e1s, el Real Madrid se enfrenta a una sanci\u00f3n de dos ventanas sin fichar por irregularidades en los fichajes de menores y este verano podr\u00eda ser la \u00fanica opci\u00f3n de reforzar la plantilla hasta 2017, aunque sabe que tendr\u00e1 que ofrecer una cifra cercana a los 100 millones de euros.<\/p>\n<p style=\"text-align: center;\"><span style=\"color: #3366ff;\"><strong><a style=\"color: #3366ff;\" href=\"http:\/\/futboltotal.com.mx\/2016\/02\/el-nuevo-apodo-de-cristiano-ronaldo\/\">LEER M\u00c1S: El nuevo apodo de Cristiano Ronaldo.\u00a0<\/a><\/strong><\/span><\/p>\n","protected":false},"excerpt":{"rendered":"<p>La admiraci\u00f3n mutua podr\u00eda llevar al crack a vestirse como merengue <\/p>\n","protected":false},"author":20,"featured_media":351000,"comment_status":"closed","ping_status":"closed","sticky":false,"template":"","format":"standard","meta":[],"categories":[3839,3844,5951],"tags":[6013,6058,5988],"_links":{"self":[{"href":"http:\/\/desarrollo.grupomedios.com\/futbol\/wp-json\/wp\/v2\/posts\/360294"}],"collection":[{"href":"http:\/\/desarrollo.grupomedios.com\/futbol\/wp-json\/wp\/v2\/posts"}],"about":[{"href":"http:\/\/desarrollo.grupomedios.com\/futbol\/wp-json\/wp\/v2\/types\/post"}],"author":[{"embeddable":true,"href":"http:\/\/desarrollo.grupomedios.com\/futbol\/wp-json\/wp\/v2\/users\/20"}],"replies":[{"embeddable":true,"href":"http:\/\/desarrollo.grupomedios.com\/futbol\/wp-json\/wp\/v2\/comments?post=360294"}],"version-history":[{"count":0,"href":"http:\/\/desarrollo.grupomedios.com\/futbol\/wp-json\/wp\/v2\/posts\/360294\/revisions"}],"wp:featuredmedia":[{"embeddable":true,"href":"http:\/\/desarrollo.grupomedios.com\/futbol\/wp-json\/wp\/v2\/media\/351000"}],"wp:attachment":[{"href":"http:\/\/desarrollo.grupomedios.com\/futbol\/wp-json\/wp\/v2\/media?parent=360294"}],"wp:term":[{"taxonomy":"category","embeddable":true,"href":"http:\/\/desarrollo.grupomedios.com\/futbol\/wp-json\/wp\/v2\/categories?post=360294"},{"taxonomy":"post_tag","embeddable":true,"href":"http:\/\/desarrollo.grupomedios.com\/futbol\/wp-json\/wp\/v2\/tags?post=360294"}],"curies":[{"name":"wp","href":"https:\/\/api.w.org\/{rel}","templated":true}]}}