{"id":360619,"date":"2016-02-23T23:00:26","date_gmt":"2016-02-24T05:00:26","guid":{"rendered":"http:\/\/futboltotal.com.mx\/?p=360619"},"modified":"2016-02-24T10:41:05","modified_gmt":"2016-02-24T16:41:05","slug":"golazo-de-chaco-gimenez-desde-media-cancha","status":"publish","type":"post","link":"http:\/\/desarrollo.grupomedios.com\/futbol\/videos\/golazo-de-chaco-gimenez-desde-media-cancha\/2016\/02","title":{"rendered":"\u00a1Golazo de Chaco Gim\u00e9nez desde media cancha!"},"content":{"rendered":"<p><strong>Cruz Azul<\/strong> tuvo una<strong><span style=\"color: #3366ff;\"> <a style=\"color: #3366ff;\" href=\"http:\/\/futboltotal.com.mx\/2016\/02\/resultado-copa-mx-cruz-azul-5-2-tapachula\/\">noche tranquila en la Copa MX<\/a><\/span><\/strong> y a pesar de los cinco goles de <em>La M\u00e1quina<\/em> ante <strong>Tapachula<\/strong>, por en\u00e9sima ocasi\u00f3n\u00a0el m\u00e1s ovacionado fue <strong>Christian Chaco Gim\u00e9nez, <\/strong>que marc\u00f3 un tremendo golazo por detr\u00e1s de\u00a0media cancha.<\/p>\n<div id=\"fb-root\"><\/div>\n<p><script>\/\/ <![CDATA[\n(function(d, s, id) { var js, fjs = d.getElementsByTagName(s)[0]; if (d.getElementById(id)) return; js = d.createElement(s); js.id = id; js.src = \"\/\/connect.facebook.net\/es_ES\/sdk.js#xfbml=1&#038;version=v2.3\"; fjs.parentNode.insertBefore(js, fjs);}(document, 'script', 'facebook-jssdk'));\n\/\/ ]]><\/script><\/p>\n<div class=\"fb-video\" data-allowfullscreen=\"1\" data-href=\"https:\/\/www.facebook.com\/CopaMXesTuya\/videos\/548469661995142\/\">\n<div class=\"fb-xfbml-parse-ignore\">\n<blockquote cite=\"https:\/\/www.facebook.com\/CopaMXesTuya\/videos\/548469661995142\/\"><p>G\u26bd\u26bd\u26bd\u26bd\u26bd\u26bd\u26bd\u26bd\u26bd\u26bd\u26bd\u26bd\u26bd\u26bdL de CRUZ AZUL FUTBOL CLUB A.C.. Desde media cancha, Christian Gim\u00e9nez manda un largo disparo que se anida en la meta de Cafetaleros de Tapachula Oficial para poner as\u00ed el 2-0.#Llave3IDA #Clausura2016 Copa Corona MX \u26bd\u26bd #SienteTuLiga \u26bd\u26bd<\/p>\n<p>Posted by <a href=\"https:\/\/www.facebook.com\/CopaMXesTuya\/\">Copa Corona MX<\/a> on Martes, 23 de febrero de 2016<\/p><\/blockquote>\n<\/div>\n<\/div>\n<p>A <strong>Chaco<\/strong> no le import\u00f3 estar\u00a0a m\u00e1s de\u00a050 metros de la porter\u00eda y envi\u00f3 un misil al arco de los Cafetaleros, que entr\u00f3 gracias a la colaboraci\u00f3n de Edmundo R\u00edos, dubitativo ante el disparo.<\/p>\n<p style=\"text-align: center;\"><strong><span style=\"color: #3366ff;\"><a style=\"color: #3366ff;\" href=\"http:\/\/futboltotal.com.mx\/2016\/02\/guia-de-supervivencia-para-la-copa-mx-jornada-5\/\">LEER M\u00c1S: Gu\u00eda de supervivencia para la Liga MX.<\/a><\/span><\/strong><\/p>\n","protected":false},"excerpt":{"rendered":"<p>El 10 de Cruz Azul se rob\u00f3 los aplausos con un misil sensacional <\/p>\n","protected":false},"author":20,"featured_media":360620,"comment_status":"closed","ping_status":"closed","sticky":false,"template":"","format":"standard","meta":[],"categories":[4247,2198,4],"tags":[368,285,5962],"_links":{"self":[{"href":"http:\/\/desarrollo.grupomedios.com\/futbol\/wp-json\/wp\/v2\/posts\/360619"}],"collection":[{"href":"http:\/\/desarrollo.grupomedios.com\/futbol\/wp-json\/wp\/v2\/posts"}],"about":[{"href":"http:\/\/desarrollo.grupomedios.com\/futbol\/wp-json\/wp\/v2\/types\/post"}],"author":[{"embeddable":true,"href":"http:\/\/desarrollo.grupomedios.com\/futbol\/wp-json\/wp\/v2\/users\/20"}],"replies":[{"embeddable":true,"href":"http:\/\/desarrollo.grupomedios.com\/futbol\/wp-json\/wp\/v2\/comments?post=360619"}],"version-history":[{"count":0,"href":"http:\/\/desarrollo.grupomedios.com\/futbol\/wp-json\/wp\/v2\/posts\/360619\/revisions"}],"wp:featuredmedia":[{"embeddable":true,"href":"http:\/\/desarrollo.grupomedios.com\/futbol\/wp-json\/wp\/v2\/media\/360620"}],"wp:attachment":[{"href":"http:\/\/desarrollo.grupomedios.com\/futbol\/wp-json\/wp\/v2\/media?parent=360619"}],"wp:term":[{"taxonomy":"category","embeddable":true,"href":"http:\/\/desarrollo.grupomedios.com\/futbol\/wp-json\/wp\/v2\/categories?post=360619"},{"taxonomy":"post_tag","embeddable":true,"href":"http:\/\/desarrollo.grupomedios.com\/futbol\/wp-json\/wp\/v2\/tags?post=360619"}],"curies":[{"name":"wp","href":"https:\/\/api.w.org\/{rel}","templated":true}]}}