{"id":360655,"date":"2016-02-24T09:25:42","date_gmt":"2016-02-24T15:25:42","guid":{"rendered":"http:\/\/futboltotal.com.mx\/?p=360655"},"modified":"2016-02-24T09:48:14","modified_gmt":"2016-02-24T15:48:14","slug":"el-fichaje-que-manchester-united-le-roba-a-real-madrid","status":"publish","type":"post","link":"http:\/\/desarrollo.grupomedios.com\/futbol\/destacado-home\/el-fichaje-que-manchester-united-le-roba-a-real-madrid\/2016\/02","title":{"rendered":"El fichaje que Manchester United le roba a Real Madrid"},"content":{"rendered":"<p>El futbol portugu\u00e9s se ha convertido en un mercado magn\u00edfico para los poderosos europeos. Los j\u00f3venes que explotan sus cualidades en la Liga NOS pronto son tasados con precios de esc\u00e1ndalo. El \u00faltimo de esos casos es <strong>Renato Sanches<\/strong>, mediocampista de 18 a\u00f1os de gran recorrido y un portento en lo f\u00edsico.<\/p>\n<p>Seg\u00fan revela <em>R\u00e9cord<\/em>, el <strong>Manchester United<\/strong> acord\u00f3 un pacto de caballeros por Renato Sanches, situaci\u00f3n que alejar\u00eda al <strong>Real Madrid<\/strong> de la ecuaci\u00f3n. El rotativo portugu\u00e9s a\u00f1ade que lo \u00fanico que resta es fijar las cantidades para la transacci\u00f3n, aunque por aquellas tierras ya dan como un hecho la despedida.<\/p>\n<p style=\"text-align: center;\"><span style=\"color: #3366ff;\"><strong><a style=\"color: #3366ff;\" href=\"http:\/\/futboltotal.com.mx\/2016\/02\/zidane-mas-cerca-de-su-refuerzo-deseado-para-real-madrid\/\">LEER M\u00c1S: Zidane, m\u00e1s cerca de refuerzo deseado para Real Madrid.<\/a><\/strong><\/span><\/p>\n<p>Con una cl\u00e1usula de rescisi\u00f3n de 80 millones, Benfica pretende que el <strong>Manchester United<\/strong> eleve su propuesta inicial de 40 millones fijos y baje los 20 variables que ofrece por el jugador. En total la cantidad rondar\u00eda los 60 millones de euros y con ello, podr\u00eda convertirse en el traspaso m\u00e1s caro del f\u00fatbol portugu\u00e9s.<\/p>\n<p>Renato era uno de los objetivos del <strong>Real Madrid<\/strong>, adem\u00e1s de otros gigantes europeos, tales como Bayern Munich y Juventus. Ante el brutal inter\u00e9s, Benfica se vio obligado a subirle la cl\u00e1usula hasta convertirle en el jugador m\u00e1s caro de la Liga portuguesa. Primero, pas\u00f3 de 30 millones a 45 ampli\u00e1ndole adem\u00e1s su contrato hasta 2021, y en cuanto apareci\u00f3 el inter\u00e9s de los merengues, esa cifra ascendi\u00f3 hasta los 80 millones.<\/p>\n<p style=\"text-align: center;\"><iframe loading=\"lazy\" src=\"https:\/\/www.youtube.com\/embed\/r_skRU34yK0\" frameborder=\"0\" allowfullscreen=\"allowfullscreen\"><\/iframe><br \/>\n<span style=\"color: #3366ff;\"><strong><a style=\"color: #3366ff;\" href=\"http:\/\/futboltotal.com.mx\/2016\/02\/broma-de-marcelo-y-penal-fallado-de-cristiano\/\">LEER M\u00c1S: Broma de Marcelo y penalti fallado de Cristiano. <\/a><\/strong><\/span><\/p>\n","protected":false},"excerpt":{"rendered":"<p>Renato Sanches, joya portuguesa, m\u00e1s cerca de los Red Devils <\/p>\n","protected":false},"author":20,"featured_media":360662,"comment_status":"closed","ping_status":"closed","sticky":false,"template":"","format":"standard","meta":[],"categories":[5,3839,3844,3846],"tags":[43,5988,6751],"_links":{"self":[{"href":"http:\/\/desarrollo.grupomedios.com\/futbol\/wp-json\/wp\/v2\/posts\/360655"}],"collection":[{"href":"http:\/\/desarrollo.grupomedios.com\/futbol\/wp-json\/wp\/v2\/posts"}],"about":[{"href":"http:\/\/desarrollo.grupomedios.com\/futbol\/wp-json\/wp\/v2\/types\/post"}],"author":[{"embeddable":true,"href":"http:\/\/desarrollo.grupomedios.com\/futbol\/wp-json\/wp\/v2\/users\/20"}],"replies":[{"embeddable":true,"href":"http:\/\/desarrollo.grupomedios.com\/futbol\/wp-json\/wp\/v2\/comments?post=360655"}],"version-history":[{"count":0,"href":"http:\/\/desarrollo.grupomedios.com\/futbol\/wp-json\/wp\/v2\/posts\/360655\/revisions"}],"wp:featuredmedia":[{"embeddable":true,"href":"http:\/\/desarrollo.grupomedios.com\/futbol\/wp-json\/wp\/v2\/media\/360662"}],"wp:attachment":[{"href":"http:\/\/desarrollo.grupomedios.com\/futbol\/wp-json\/wp\/v2\/media?parent=360655"}],"wp:term":[{"taxonomy":"category","embeddable":true,"href":"http:\/\/desarrollo.grupomedios.com\/futbol\/wp-json\/wp\/v2\/categories?post=360655"},{"taxonomy":"post_tag","embeddable":true,"href":"http:\/\/desarrollo.grupomedios.com\/futbol\/wp-json\/wp\/v2\/tags?post=360655"}],"curies":[{"name":"wp","href":"https:\/\/api.w.org\/{rel}","templated":true}]}}