{"id":360672,"date":"2016-02-24T10:21:04","date_gmt":"2016-02-24T16:21:04","guid":{"rendered":"http:\/\/futboltotal.com.mx\/?p=360672"},"modified":"2016-02-25T10:48:30","modified_gmt":"2016-02-25T16:48:30","slug":"cavanise-se-declara-fan-de-chicharito","status":"publish","type":"post","link":"http:\/\/desarrollo.grupomedios.com\/futbol\/futbol-internacional\/cavanise-se-declara-fan-de-chicharito\/2016\/02","title":{"rendered":"Cavani se declara fan de Chicharito"},"content":{"rendered":"<p><strong>Edinson Cavani<\/strong> sabe que <strong>Lionel Messi<\/strong> es el mejor jugador del mundo, lo admira porque como \u00e9l no hay otro goleador en el mundo. Sin embargo tambi\u00e9n tiene otros futbolistas que le encantan por la calidad y entrega que muestran cuando se plantan en la cancha, uno de ellos es el mexicano <strong>Javier Chicharito Hern\u00e1ndez, <\/strong>de quien admiti\u00f3 ser fan.<\/p>\n<p>&#8220;Me encanta como juega <strong>Chicharito.<\/strong> No se rinde nunca, siempre trata de moverse y de atacar el espacio. Son cosas que para mi son fundamentales en un delantero&#8221;, expres\u00f3 el delantero en entrevista para <em>TDN. <\/em><\/p>\n<p style=\"text-align: center;\"><span style=\"color: #3366ff;\"><a style=\"color: #3366ff;\" href=\"http:\/\/futboltotal.com.mx\/?s=Copa+America\"><strong>LEER M\u00c1S: Todas las noticias de la Copa Am\u00e9rica<\/strong> <\/a><\/span><\/p>\n<p>Adem\u00e1s de los elogios al goleador del Bayer Leverkusen, <strong>Cavani<\/strong> habl\u00f3 sobre la Selecci\u00f3n Mexicana, rival al que tendr\u00e1 que enfrentar en la pr\u00f3xima Copa Am\u00e9rica Centenario, donde compartir\u00e1n el Grupo C con Jamaica y Venezuela. El <em>charr\u00faa<\/em> afirm\u00f3 que &#8220;M\u00e9xico es una selecci\u00f3n muy competitiva al contar con jugadores que militan en todas partes del mundo&#8221;.<\/p>\n<p><strong>Cavani<\/strong> ser\u00e1 uno de los jugadores estelares con los que cuente la selecci\u00f3n de Uruguay para la justa copera que se disputar\u00e1 del 3 al 26 de junio pr\u00f3ximo. Junto a su connacional Luis Su\u00e1rez se perfilan como el t\u00e1ndem que ser\u00e1 un aut\u00e9ntico dolor de cabeza para M\u00e9xico, al que enfrentar\u00e1n el 5 de junio en Phoenix.<\/p>\n<p style=\"text-align: center;\"><span style=\"color: #3366ff;\"><strong><a style=\"color: #3366ff;\" href=\"http:\/\/futboltotal.com.mx\/?s=chicharito+hernandez\">LEER M\u00c1S: Todas las noticias de Chicharito Hern\u00e1ndez<\/a><\/strong><\/span><\/p>\n<p>&nbsp;<\/p>\n<p>&nbsp;<\/p>\n<p>&nbsp;<\/p>\n","protected":false},"excerpt":{"rendered":"<p>El delantero uruguayo elogia la calidad futbol\u00edstica de CH7 <\/p>\n","protected":false},"author":20,"featured_media":360675,"comment_status":"closed","ping_status":"closed","sticky":false,"template":"","format":"standard","meta":[],"categories":[3839,6718,5951],"tags":[2449,120],"_links":{"self":[{"href":"http:\/\/desarrollo.grupomedios.com\/futbol\/wp-json\/wp\/v2\/posts\/360672"}],"collection":[{"href":"http:\/\/desarrollo.grupomedios.com\/futbol\/wp-json\/wp\/v2\/posts"}],"about":[{"href":"http:\/\/desarrollo.grupomedios.com\/futbol\/wp-json\/wp\/v2\/types\/post"}],"author":[{"embeddable":true,"href":"http:\/\/desarrollo.grupomedios.com\/futbol\/wp-json\/wp\/v2\/users\/20"}],"replies":[{"embeddable":true,"href":"http:\/\/desarrollo.grupomedios.com\/futbol\/wp-json\/wp\/v2\/comments?post=360672"}],"version-history":[{"count":0,"href":"http:\/\/desarrollo.grupomedios.com\/futbol\/wp-json\/wp\/v2\/posts\/360672\/revisions"}],"wp:featuredmedia":[{"embeddable":true,"href":"http:\/\/desarrollo.grupomedios.com\/futbol\/wp-json\/wp\/v2\/media\/360675"}],"wp:attachment":[{"href":"http:\/\/desarrollo.grupomedios.com\/futbol\/wp-json\/wp\/v2\/media?parent=360672"}],"wp:term":[{"taxonomy":"category","embeddable":true,"href":"http:\/\/desarrollo.grupomedios.com\/futbol\/wp-json\/wp\/v2\/categories?post=360672"},{"taxonomy":"post_tag","embeddable":true,"href":"http:\/\/desarrollo.grupomedios.com\/futbol\/wp-json\/wp\/v2\/tags?post=360672"}],"curies":[{"name":"wp","href":"https:\/\/api.w.org\/{rel}","templated":true}]}}