{"id":360692,"date":"2016-02-24T11:45:05","date_gmt":"2016-02-24T17:45:05","guid":{"rendered":"http:\/\/futboltotal.com.mx\/?p=360692"},"modified":"2016-02-24T11:47:10","modified_gmt":"2016-02-24T17:47:10","slug":"se-lesiona-hombro-tibia-y-perone-sin-que-nadie-lo-toque","status":"publish","type":"post","link":"http:\/\/desarrollo.grupomedios.com\/futbol\/videos\/se-lesiona-hombro-tibia-y-perone-sin-que-nadie-lo-toque\/2016\/02","title":{"rendered":"Se lesiona hombro, tibia y peron\u00e9 sin que nadie lo toque"},"content":{"rendered":"<p>El futbol en ocasiones cuenta con noticias desagradables. Una de ellas ocurri\u00f3 en el duelo entre Melbourne City y Central Coast Mariners, donde Stor Roux, futbolista de 23 a\u00f1os de edad, sufri\u00f3 una escalofriante lesi\u00f3n.<\/p>\n<p>En su intento por evitar el disparo de un rival, el defensor se lanz\u00f3 con todo y fue v\u00edctima de una grave lesi\u00f3n por una aparatosa ca\u00edda. <strong>Stor Roux se lesion\u00f3 hombro, tibia y peron\u00e9<\/strong> sin que nadie lo toque en un instante de p\u00e9sima suerte.<\/p>\n<p><iframe loading=\"lazy\" src=\"https:\/\/www.youtube.com\/embed\/78xl08VpWjY\" frameborder=\"0\" allowfullscreen=\"allowfullscreen\"><\/iframe><\/p>\n<p style=\"text-align: center;\"><strong><span style=\"color: #3366ff;\"><a style=\"color: #3366ff;\" href=\"http:\/\/futboltotal.com.mx\/2016\/02\/la-increible-vida-de-chicharito-en-caricatura\/\">LEER M\u00c1S: \u00a1La incre\u00edble vida de Chicharito&#8230;en caricatura! <\/a><\/span><\/strong><\/p>\n","protected":false},"excerpt":{"rendered":"<p>Terrible lesi\u00f3n la que sufri\u00f3 Stor Roux <\/p>\n","protected":false},"author":20,"featured_media":360693,"comment_status":"closed","ping_status":"closed","sticky":false,"template":"","format":"standard","meta":[],"categories":[3839,4],"tags":[3881,3933],"_links":{"self":[{"href":"http:\/\/desarrollo.grupomedios.com\/futbol\/wp-json\/wp\/v2\/posts\/360692"}],"collection":[{"href":"http:\/\/desarrollo.grupomedios.com\/futbol\/wp-json\/wp\/v2\/posts"}],"about":[{"href":"http:\/\/desarrollo.grupomedios.com\/futbol\/wp-json\/wp\/v2\/types\/post"}],"author":[{"embeddable":true,"href":"http:\/\/desarrollo.grupomedios.com\/futbol\/wp-json\/wp\/v2\/users\/20"}],"replies":[{"embeddable":true,"href":"http:\/\/desarrollo.grupomedios.com\/futbol\/wp-json\/wp\/v2\/comments?post=360692"}],"version-history":[{"count":0,"href":"http:\/\/desarrollo.grupomedios.com\/futbol\/wp-json\/wp\/v2\/posts\/360692\/revisions"}],"wp:featuredmedia":[{"embeddable":true,"href":"http:\/\/desarrollo.grupomedios.com\/futbol\/wp-json\/wp\/v2\/media\/360693"}],"wp:attachment":[{"href":"http:\/\/desarrollo.grupomedios.com\/futbol\/wp-json\/wp\/v2\/media?parent=360692"}],"wp:term":[{"taxonomy":"category","embeddable":true,"href":"http:\/\/desarrollo.grupomedios.com\/futbol\/wp-json\/wp\/v2\/categories?post=360692"},{"taxonomy":"post_tag","embeddable":true,"href":"http:\/\/desarrollo.grupomedios.com\/futbol\/wp-json\/wp\/v2\/tags?post=360692"}],"curies":[{"name":"wp","href":"https:\/\/api.w.org\/{rel}","templated":true}]}}