{"id":360749,"date":"2016-02-24T14:17:11","date_gmt":"2016-02-24T20:17:11","guid":{"rendered":"http:\/\/futboltotal.com.mx\/?p=360749"},"modified":"2016-02-24T14:17:11","modified_gmt":"2016-02-24T20:17:11","slug":"james-rodriguez-saldra-del-real-madrid","status":"publish","type":"post","link":"http:\/\/desarrollo.grupomedios.com\/futbol\/futbol-internacional\/james-rodriguez-saldra-del-real-madrid\/2016\/02","title":{"rendered":"James Rodr\u00edguez saldr\u00e1 del Real Madrid"},"content":{"rendered":"<p>\u00bfZinedine Zidane quiere fuera del <strong>Real Madrid<\/strong> a <strong>James Rodr\u00edguez<\/strong>? Imposible confirmarlo. Lo cierto es que la prensa espa\u00f1ola nuevamente especula sobre la posible salida del colombiano de la entidad <em>merengue<\/em> al final de la temporada.<\/p>\n<p>Seg\u00fan publica el diario <em>Sport<\/em>, la paciencia de Zinedine con <strong>James <\/strong>se termin\u00f3. El entrenador franc\u00e9s no est\u00e1 dispuesto a espera el despertar del volante <em>cafetero<\/em>, quien hasta ahora no ha entregado los resultados cancha deseados.<\/p>\n<p style=\"text-align: center;\"><span style=\"color: #3366ff;\"><strong><a style=\"color: #3366ff;\" href=\"http:\/\/futboltotal.com.mx\/2016\/01\/el-enojo-entre-james-y-zidane\/\">LEER M\u00c1S: Zidane se enoja con James Rodr\u00edguez<\/a><\/strong><\/span><\/p>\n<p>En ese sentido, se apunta que -actualmente- Isco est\u00e1 por delante de <strong>James Rodr\u00edguez<\/strong> en cuanto a las preferencias del DT del <strong>Real Madrid<\/strong>, quien se presume ya habr\u00eda avisado a la directiva <em>merengue<\/em> que no contar\u00e1 con el colombiano para la siguiente campa\u00f1a.<\/p>\n<p>Ante el complejo panorama, se dice que los dirigentes madridistas se concentrar\u00e1n en encontrar a un comprador dispuesto a pagar los 80 millones de euros que el cuadro espa\u00f1ol abon\u00f3 al M\u00f3naco al t\u00e9rmino del Mundial de Brasil 2014.<\/p>\n","protected":false},"excerpt":{"rendered":"<p>Zizu no contar\u00eda con el colombiano para la siguiente campa\u00f1a<\/p>\n","protected":false},"author":20,"featured_media":360753,"comment_status":"closed","ping_status":"closed","sticky":false,"template":"","format":"standard","meta":[],"categories":[3839,3844],"tags":[6082,5988],"_links":{"self":[{"href":"http:\/\/desarrollo.grupomedios.com\/futbol\/wp-json\/wp\/v2\/posts\/360749"}],"collection":[{"href":"http:\/\/desarrollo.grupomedios.com\/futbol\/wp-json\/wp\/v2\/posts"}],"about":[{"href":"http:\/\/desarrollo.grupomedios.com\/futbol\/wp-json\/wp\/v2\/types\/post"}],"author":[{"embeddable":true,"href":"http:\/\/desarrollo.grupomedios.com\/futbol\/wp-json\/wp\/v2\/users\/20"}],"replies":[{"embeddable":true,"href":"http:\/\/desarrollo.grupomedios.com\/futbol\/wp-json\/wp\/v2\/comments?post=360749"}],"version-history":[{"count":0,"href":"http:\/\/desarrollo.grupomedios.com\/futbol\/wp-json\/wp\/v2\/posts\/360749\/revisions"}],"wp:featuredmedia":[{"embeddable":true,"href":"http:\/\/desarrollo.grupomedios.com\/futbol\/wp-json\/wp\/v2\/media\/360753"}],"wp:attachment":[{"href":"http:\/\/desarrollo.grupomedios.com\/futbol\/wp-json\/wp\/v2\/media?parent=360749"}],"wp:term":[{"taxonomy":"category","embeddable":true,"href":"http:\/\/desarrollo.grupomedios.com\/futbol\/wp-json\/wp\/v2\/categories?post=360749"},{"taxonomy":"post_tag","embeddable":true,"href":"http:\/\/desarrollo.grupomedios.com\/futbol\/wp-json\/wp\/v2\/tags?post=360749"}],"curies":[{"name":"wp","href":"https:\/\/api.w.org\/{rel}","templated":true}]}}