{"id":360781,"date":"2016-02-24T18:51:44","date_gmt":"2016-02-25T00:51:44","guid":{"rendered":"http:\/\/futboltotal.com.mx\/?p=360781"},"modified":"2016-02-24T19:32:29","modified_gmt":"2016-02-25T01:32:29","slug":"matias-britos-reaparecera-con-pumas-en-copa-libertadores","status":"publish","type":"post","link":"http:\/\/desarrollo.grupomedios.com\/futbol\/futbol-mexicano\/matias-britos-reaparecera-con-pumas-en-copa-libertadores\/2016\/02","title":{"rendered":"Mat\u00edas Britos reaparecer\u00e1 en Copa Libertadores"},"content":{"rendered":"<p>El vicepresidente de los <a href=\"http:\/\/futboltotal.com.mx\/equipos\/unam\/\" target=\"_blank\">Pumas<\/a>, Antonio Sancho, explic\u00f3 que la situaci\u00f3n de <strong>Mat\u00edas Britos<\/strong> es meramente disciplinaria, pues la relaci\u00f3n laboral y de compa\u00f1erismo que hay entre la instituci\u00f3n, los jugadores y el <em>charr\u00faa<\/em>, se mantienen en optimas condiciones.<\/p>\n<p>Antonio Sancho aclara que <strong>Mat\u00edas Britos<\/strong> fue castigado por la directiva de <strong>Pumas<\/strong>, por faltarle al respeto al director t\u00e9cnico, Guillermo V\u00e1zquez, durante el primer encuentro <em>auriazul<\/em> en <strong>Copa Libertadores<\/strong>; y esa infracci\u00f3n no debe pasarse por alto, pues est\u00e1 dentro de una instituci\u00f3n seria.<\/p>\n<p>&#8220;Es una falta de respeto a la autoridad que es Memo y a sus compa\u00f1eros. Le puede pasar a cualquiera. <strong>Mat\u00edas Britos<\/strong> sabe que se equivoc\u00f3 y asume las consecuencias, todo est\u00e1 bien con \u00e9l&#8221;, aclar\u00f3 el vicepresidente de <strong>Pumas<\/strong>.<\/p>\n<p>En ese contexto, cabe destacar que <strong>Mat\u00edas Britos<\/strong> permanecer\u00e1 en el equipo sub-20 por el resto de la semana, es decir, se perder\u00e1 la actividad de la jornada 8 del Clausura 2016, en donde <strong>Pumas<\/strong> enfrentar\u00e1 a Veracruz en el Luis <em>Pirata<\/em> Fuente; sin embargo, el <em>charr\u00faa<\/em> se reincorporar\u00e1 al primer equipo despu\u00e9s del viernes 26, para hacer el viaje a Paraguay, de cara al siguiente cotejo de los auriazules en Copa Libertadores.<\/p>\n<p>&#8220;Hay un reglamento interno y se tom\u00f3 esta medida. Jugar\u00e1 el viernes con la Sub-20 y luego viaja a Paraguay&#8221;, sentenci\u00f3 <strong>Antonio Sancho<\/strong> sobre el caso del futbolista uruguayo naturalizado mexicano, en conferencia de prensa.<\/p>\n<p><span style=\"color: #ff0000;\"><strong>VIDEO<\/strong>: Agenda de TV | Jornada 8 del Clausura 2016<\/span><\/p>\n<p>[video_player]https:\/\/player.vimeo.com\/external\/156433410.hd.mp4?s=53ef7117ff3b22463fd1e33e091788ca65353352&amp;profile_id=113[\/video_player]<\/p>\n","protected":false},"excerpt":{"rendered":"<p>Antonio Sancho explica que el castigo fue impuesto por la directiva<\/p>\n","protected":false},"author":20,"featured_media":360790,"comment_status":"closed","ping_status":"closed","sticky":false,"template":"","format":"standard","meta":[],"categories":[2198,3845,5950],"tags":[1396,436,74],"_links":{"self":[{"href":"http:\/\/desarrollo.grupomedios.com\/futbol\/wp-json\/wp\/v2\/posts\/360781"}],"collection":[{"href":"http:\/\/desarrollo.grupomedios.com\/futbol\/wp-json\/wp\/v2\/posts"}],"about":[{"href":"http:\/\/desarrollo.grupomedios.com\/futbol\/wp-json\/wp\/v2\/types\/post"}],"author":[{"embeddable":true,"href":"http:\/\/desarrollo.grupomedios.com\/futbol\/wp-json\/wp\/v2\/users\/20"}],"replies":[{"embeddable":true,"href":"http:\/\/desarrollo.grupomedios.com\/futbol\/wp-json\/wp\/v2\/comments?post=360781"}],"version-history":[{"count":0,"href":"http:\/\/desarrollo.grupomedios.com\/futbol\/wp-json\/wp\/v2\/posts\/360781\/revisions"}],"wp:featuredmedia":[{"embeddable":true,"href":"http:\/\/desarrollo.grupomedios.com\/futbol\/wp-json\/wp\/v2\/media\/360790"}],"wp:attachment":[{"href":"http:\/\/desarrollo.grupomedios.com\/futbol\/wp-json\/wp\/v2\/media?parent=360781"}],"wp:term":[{"taxonomy":"category","embeddable":true,"href":"http:\/\/desarrollo.grupomedios.com\/futbol\/wp-json\/wp\/v2\/categories?post=360781"},{"taxonomy":"post_tag","embeddable":true,"href":"http:\/\/desarrollo.grupomedios.com\/futbol\/wp-json\/wp\/v2\/tags?post=360781"}],"curies":[{"name":"wp","href":"https:\/\/api.w.org\/{rel}","templated":true}]}}