{"id":361004,"date":"2016-02-25T08:00:01","date_gmt":"2016-02-25T14:00:01","guid":{"rendered":"http:\/\/futboltotal.com.mx\/?p=361004"},"modified":"2016-02-25T15:58:12","modified_gmt":"2016-02-25T21:58:12","slug":"mexicanos-por-una-noche-magica-en-europa-league","status":"publish","type":"post","link":"http:\/\/desarrollo.grupomedios.com\/futbol\/futbol-internacional\/mexicanos-por-una-noche-magica-en-europa-league\/2016\/02","title":{"rendered":"Mexicanos, por una noche m\u00e1gica en Europa League"},"content":{"rendered":"<p>Despu\u00e9s de 90 minutos fren\u00e9ticos en la Ida de los dieciseisavos de final, la <strong>Europa Legue<\/strong>\u00a0tendr\u00e1 un desenlace \u00fanico en el que <strong>Alan Pulido, Chicharito Hern\u00e1ndez, H\u00e9ctor Herrera, Miguel Lay\u00fan y Tecatito Corona<\/strong>\u00a0buscan clasificar con Olympiakos, Bayer Leverkusen y Porto a la ronda de los mejores 16. Lo intentar\u00e1 tambi\u00e9n el Villarreal pero sin <strong>Jonathan dos Santos<\/strong>, quien se lesion\u00f3 en el duelo de Ida (1-0) ante el Napoli.<\/p>\n<p><strong><span style=\"color: #800000;\">Porto\u00a0necesita una gesta en el Do Dragao\u00a0<\/span><\/strong><\/p>\n<p>La falta de gol, la gran asignatura pendiente en la Ida, tiene contra las cuerdas y al borde de la eliminaci\u00f3n a los\u00a0<em>Dragones Aztecas, <\/em>despu\u00e9s de caer en el Signal Iduna Park por marcador 2-0. Ahora, la misi\u00f3n es compleja para Herrera, Lay\u00fan, Corona y el resto del equipo luso: necesitan no recibir gol y al menos hacer dos para forzar la pr\u00f3rroga. Un tanto del Dortmund les dar\u00eda jaque mate.<\/p>\n<p style=\"text-align: center;\"><strong><span style=\"color: #3366ff;\"><a style=\"color: #3366ff;\" href=\"http:\/\/futboltotal.com.mx\/2016\/02\/chicharito-a-la-caza-de-hugo-sanchez-en-europa-league\/\">LEER M\u00c1S: Chicharito, a la caza de Hugo S\u00e1nchez en Europa League<\/a><\/span><\/strong><\/p>\n<p style=\"text-align: left;\"><strong><span style=\"color: #800000;\">Leverkusen y CH7 buscan liquidar al Sporting<\/span><\/strong><\/p>\n<p>Tras lograr la m\u00ednima ventaja en Portugal, el Bayer Leverkusen cierra la eliminatoria en el Bay Arena, donde <em>CH7 <\/em>reaparecer\u00e1 tras superar una lesi\u00f3n que le impidi\u00f3 disputar el partido de Ida. Los alemanes no han perdido ante el Sporting en los cinco duelos (4 victorias y un empate) que han disputado en competiciones UEFA. El mexicano<em>\u00a0<\/em>ser\u00e1 vital para prolongar la racha, pues ser\u00e1 titular y sabe lo que es marcarle\u00a0a rivales portugueses. La hizo en 2012 cuando marc\u00f3 doblete al Braga en la UCL.<\/p>\n<p style=\"text-align: center;\"><span style=\"color: #3366ff;\"><strong><a style=\"color: #3366ff;\" href=\"http:\/\/futboltotal.com.mx\/2016\/02\/chicharito-con-goles-en-todos-los-torneos\/\">LEER M\u00c1S: Chicharito, con goles en todos los torneos<\/a><\/strong><\/span><\/p>\n<p><strong><span style=\"color: #800000;\">Alan Pulido, por\u00a0remontada con Olympiakos \u00a0<\/span><\/strong><\/p>\n<p>El conjunto hel\u00e9nico pas\u00f3 apuros y termin\u00f3 con la derrota 1-o ante el Anderlecht, y espera revertir esa situaci\u00f3n este jueves en territorio griego. &#8220;Confiamos en que haremos un gran partido ante nuestra afici\u00f3n&#8221;, dijo el delantero Idey Brown. El cotejo ser\u00e1 un reto de altura para el delantero Alan Pulido, quien apenas disput\u00f3 algunos minutos en la ida y ahora se perfila como uno de los estelares tras dar un buen partido el fin de semana en el que marc\u00f3 gol y dio asistencia.<\/p>\n","protected":false},"excerpt":{"rendered":"<p>Chicharito, Herrera, Lay\u00fan, Tecatito y Pulido buscan el pase a los Octavos de Final<\/p>\n","protected":false},"author":20,"featured_media":361007,"comment_status":"closed","ping_status":"closed","sticky":false,"template":"","format":"standard","meta":[],"categories":[3857,3839,6718],"tags":[4335,549,5995,1035,1208,6045],"_links":{"self":[{"href":"http:\/\/desarrollo.grupomedios.com\/futbol\/wp-json\/wp\/v2\/posts\/361004"}],"collection":[{"href":"http:\/\/desarrollo.grupomedios.com\/futbol\/wp-json\/wp\/v2\/posts"}],"about":[{"href":"http:\/\/desarrollo.grupomedios.com\/futbol\/wp-json\/wp\/v2\/types\/post"}],"author":[{"embeddable":true,"href":"http:\/\/desarrollo.grupomedios.com\/futbol\/wp-json\/wp\/v2\/users\/20"}],"replies":[{"embeddable":true,"href":"http:\/\/desarrollo.grupomedios.com\/futbol\/wp-json\/wp\/v2\/comments?post=361004"}],"version-history":[{"count":0,"href":"http:\/\/desarrollo.grupomedios.com\/futbol\/wp-json\/wp\/v2\/posts\/361004\/revisions"}],"wp:featuredmedia":[{"embeddable":true,"href":"http:\/\/desarrollo.grupomedios.com\/futbol\/wp-json\/wp\/v2\/media\/361007"}],"wp:attachment":[{"href":"http:\/\/desarrollo.grupomedios.com\/futbol\/wp-json\/wp\/v2\/media?parent=361004"}],"wp:term":[{"taxonomy":"category","embeddable":true,"href":"http:\/\/desarrollo.grupomedios.com\/futbol\/wp-json\/wp\/v2\/categories?post=361004"},{"taxonomy":"post_tag","embeddable":true,"href":"http:\/\/desarrollo.grupomedios.com\/futbol\/wp-json\/wp\/v2\/tags?post=361004"}],"curies":[{"name":"wp","href":"https:\/\/api.w.org\/{rel}","templated":true}]}}