{"id":361066,"date":"2016-02-25T08:58:15","date_gmt":"2016-02-25T14:58:15","guid":{"rendered":"http:\/\/futboltotal.com.mx\/?p=361066"},"modified":"2016-02-25T08:58:15","modified_gmt":"2016-02-25T14:58:15","slug":"almeyda-se-aferra-no-me-veo-fuera-de-chivas","status":"publish","type":"post","link":"http:\/\/desarrollo.grupomedios.com\/futbol\/futbol-mexicano\/almeyda-se-aferra-no-me-veo-fuera-de-chivas\/2016\/02","title":{"rendered":"Almeyda se aferra\u2026 \u201cNo me veo fuera de Chivas\u201d"},"content":{"rendered":"<p><strong>Mat\u00edas Almeyda<\/strong> se aferra\u2026 Pese a sufrir una nueva derrota en la presente temporada, ahora <a href=\"http:\/\/futboltotal.com.mx\/2016\/02\/resultado-copa-mx-dorados-1-0-chivas\/\" target=\"_blank\">contra Dorados dentro de la Copa MX<\/a>, el entrenador argentino asegur\u00f3 que su continuidad como entrenador de las <strong><a href=\"http:\/\/futboltotal.com.mx\/equipos\/guadalajara\/\" target=\"_blank\">Chivas del Guadalajara<\/a><\/strong> no est\u00e1 en duda.<\/p>\n<p>&#8220;Yo no me veo fuera de <strong>Chivas<\/strong>, eso lo dicen s\u00f3lo para armar pol\u00e9mica, esto fue en la Copa, aunque el resultado es lamentable sea la Copa o no&#8221;, apunt\u00f3 el argentino.<\/p>\n<p style=\"text-align: center;\"><strong><span style=\"color: #3366ff;\"><a style=\"color: #3366ff;\" href=\"http:\/\/futboltotal.com.mx\/2016\/02\/no-hay-crisis-en-chivas-omar-bravo\/\">LEER M\u00c1S: No hay crisis en Chivas: Omar Bravo<\/a><\/span><\/strong><\/p>\n<p>Pol\u00e9mica reacci\u00f3n, sin duda. &#8220;Nunca he pensado en hacerme a un lado, me encanta el trabajo y me gustan los retos&#8221;, agreg\u00f3 el <em>Pelado<\/em> <strong>Almeyda<\/strong>.<\/p>\n<p>Sobre el resultado ante Dorados, <strong>Mat\u00edas Almeyda<\/strong> reconoci\u00f3 que fue lamentable, al tiempo que se disculp\u00f3 con la afici\u00f3n.<\/p>\n<p style=\"text-align: center;\"><span style=\"color: #3366ff;\"><strong><a style=\"color: #3366ff;\" href=\"http:\/\/futboltotal.com.mx\/2016\/02\/matias-almeyda-peor-que-chepo-de-la-torre\/\">LEER M\u00c1S: Mat\u00edas Almeyda, peor que Chepo de la Torre<\/a><\/strong><\/span><\/p>\n<p>&#8220;Le pido disculpas a la gente de <strong>Chivas<\/strong> por el resultado negativo. Me voy dolido por la derrota pese a que el primer tiempo fue bueno, tal vez nos falt\u00f3 decisi\u00f3n. Hoy el resultado fue lamentable; sea Copa o no, a m\u00ed no me gusta perder&#8221;, recalc\u00f3 <strong>Almeyda<\/strong>, quien conf\u00eda en retomar la senda del triunfo en la Liga MX, cuando enfrente a los <em>Xolos<\/em> el pr\u00f3ximo domingo, en la jornada 8 del Clausura 2016.<\/p>\n<p><span style=\"color: #ff0000;\"><strong>VIDEO<\/strong>: Agenda de TV |\u00a0Jornada 8\u00a0del Clausura 2016<\/span><\/p>\n<p>[video_player]https:\/\/player.vimeo.com\/external\/156433410.hd.mp4?s=53ef7117ff3b22463fd1e33e091788ca65353352&amp;profile_id=113[\/video_player]<\/p>\n","protected":false},"excerpt":{"rendered":"<p>El DT argentino sum\u00f3 una nueva derrota al frente del Reba\u00f1o<\/p>\n","protected":false},"author":20,"featured_media":361068,"comment_status":"closed","ping_status":"closed","sticky":false,"template":"","format":"standard","meta":[],"categories":[2198,3845,5950],"tags":[70,1420],"_links":{"self":[{"href":"http:\/\/desarrollo.grupomedios.com\/futbol\/wp-json\/wp\/v2\/posts\/361066"}],"collection":[{"href":"http:\/\/desarrollo.grupomedios.com\/futbol\/wp-json\/wp\/v2\/posts"}],"about":[{"href":"http:\/\/desarrollo.grupomedios.com\/futbol\/wp-json\/wp\/v2\/types\/post"}],"author":[{"embeddable":true,"href":"http:\/\/desarrollo.grupomedios.com\/futbol\/wp-json\/wp\/v2\/users\/20"}],"replies":[{"embeddable":true,"href":"http:\/\/desarrollo.grupomedios.com\/futbol\/wp-json\/wp\/v2\/comments?post=361066"}],"version-history":[{"count":0,"href":"http:\/\/desarrollo.grupomedios.com\/futbol\/wp-json\/wp\/v2\/posts\/361066\/revisions"}],"wp:featuredmedia":[{"embeddable":true,"href":"http:\/\/desarrollo.grupomedios.com\/futbol\/wp-json\/wp\/v2\/media\/361068"}],"wp:attachment":[{"href":"http:\/\/desarrollo.grupomedios.com\/futbol\/wp-json\/wp\/v2\/media?parent=361066"}],"wp:term":[{"taxonomy":"category","embeddable":true,"href":"http:\/\/desarrollo.grupomedios.com\/futbol\/wp-json\/wp\/v2\/categories?post=361066"},{"taxonomy":"post_tag","embeddable":true,"href":"http:\/\/desarrollo.grupomedios.com\/futbol\/wp-json\/wp\/v2\/tags?post=361066"}],"curies":[{"name":"wp","href":"https:\/\/api.w.org\/{rel}","templated":true}]}}