{"id":361191,"date":"2016-02-25T15:46:52","date_gmt":"2016-02-25T21:46:52","guid":{"rendered":"http:\/\/futboltotal.com.mx\/?p=361191"},"modified":"2016-02-25T15:46:52","modified_gmt":"2016-02-25T21:46:52","slug":"los-memes-de-la-europa-league-2","status":"publish","type":"post","link":"http:\/\/desarrollo.grupomedios.com\/futbol\/galerias\/los-memes-de-la-europa-league-2\/2016\/02","title":{"rendered":"Los Memes de la Europa League"},"content":{"rendered":"<p>La <strong>Europa League<\/strong> dio una jornada agridulce, pues por una parte <a href=\"http:\/\/futboltotal.com.mx\/2016\/02\/leverkusen-avanza-a-octavos-de-europa-league\/\" target=\"_blank\">Bayer Leverkusen donde juega Chicharito Hern\u00e1ndez avanz\u00f3 a la siguiente fase<\/a>, sin embargo, los mexicanos del Porto sufrieron una pronta despedida al perder contra Borussia Dortmund. En otro plano, Valencia no se tent\u00f3 el coraz\u00f3n y gole\u00f3 al Rapid Viena 0-4 (0-10 global); ante este panorama, los <strong>Memes<\/strong> no tardaron en salir.<\/p>\n<div id=\"galleryxEH\" style=\"display:none;\"><img alt=\"\" src=\"http:\/\/desarrollo.grupomedios.com\/futbol\/wp-content\/uploads\/2016\/02\/memes-euoropa-league-1.jpg\" data-image=\"http:\/\/desarrollo.grupomedios.com\/futbol\/wp-content\/uploads\/2016\/02\/memes-euoropa-league-1.jpg\" data-description=\"memes-euoropa-league-1\"><img alt=\"\" src=\"http:\/\/desarrollo.grupomedios.com\/futbol\/wp-content\/uploads\/2016\/02\/memes-euoropa-league-2.jpg\" data-image=\"http:\/\/desarrollo.grupomedios.com\/futbol\/wp-content\/uploads\/2016\/02\/memes-euoropa-league-2.jpg\" data-description=\"memes-euoropa-league-2\"><img alt=\"\" src=\"http:\/\/desarrollo.grupomedios.com\/futbol\/wp-content\/uploads\/2016\/02\/memes-euoropa-league-3.jpg\" data-image=\"http:\/\/desarrollo.grupomedios.com\/futbol\/wp-content\/uploads\/2016\/02\/memes-euoropa-league-3.jpg\" data-description=\"memes-euoropa-league-3\"><img alt=\"\" src=\"http:\/\/desarrollo.grupomedios.com\/futbol\/wp-content\/uploads\/2016\/02\/memes-euoropa-league-4.jpg\" data-image=\"http:\/\/desarrollo.grupomedios.com\/futbol\/wp-content\/uploads\/2016\/02\/memes-euoropa-league-4.jpg\" data-description=\"memes-euoropa-league-4\"><img alt=\"\" src=\"http:\/\/desarrollo.grupomedios.com\/futbol\/wp-content\/uploads\/2016\/02\/memes-euoropa-league-5.jpg\" data-image=\"http:\/\/desarrollo.grupomedios.com\/futbol\/wp-content\/uploads\/2016\/02\/memes-euoropa-league-5.jpg\" data-description=\"memes-euoropa-league-5\"><img alt=\"\" src=\"http:\/\/desarrollo.grupomedios.com\/futbol\/wp-content\/uploads\/2016\/02\/memes-euoropa-league-6.jpg\" data-image=\"http:\/\/desarrollo.grupomedios.com\/futbol\/wp-content\/uploads\/2016\/02\/memes-euoropa-league-6.jpg\" data-description=\"memes-euoropa-league-6\"><img alt=\"\" src=\"http:\/\/desarrollo.grupomedios.com\/futbol\/wp-content\/uploads\/2016\/02\/memes-euoropa-league-7.jpg\" data-image=\"http:\/\/desarrollo.grupomedios.com\/futbol\/wp-content\/uploads\/2016\/02\/memes-euoropa-league-7.jpg\" data-description=\"memes-euoropa-league-7\"><img alt=\"\" src=\"http:\/\/desarrollo.grupomedios.com\/futbol\/wp-content\/uploads\/2016\/02\/memes-euoropa-league-8.jpg\" data-image=\"http:\/\/desarrollo.grupomedios.com\/futbol\/wp-content\/uploads\/2016\/02\/memes-euoropa-league-8.jpg\" data-description=\"memes-euoropa-league-8\"><\/div>\n        <script>\n        \/\/galeria 1\n        jQuery(document).ready(function(){ \n            var api;\n            api = jQuery(\"#galleryxEH\").unitegallery({\n                carousel_autoplay: false\n            }); \n        });\n        <\/script>\n        \n","protected":false},"excerpt":{"rendered":"<p>En redes sociales tomaron con humor los resultados <\/p>\n","protected":false},"author":20,"featured_media":361200,"comment_status":"closed","ping_status":"closed","sticky":false,"template":"","format":"standard","meta":[],"categories":[3857,3839,3,6409],"tags":[516,4949],"_links":{"self":[{"href":"http:\/\/desarrollo.grupomedios.com\/futbol\/wp-json\/wp\/v2\/posts\/361191"}],"collection":[{"href":"http:\/\/desarrollo.grupomedios.com\/futbol\/wp-json\/wp\/v2\/posts"}],"about":[{"href":"http:\/\/desarrollo.grupomedios.com\/futbol\/wp-json\/wp\/v2\/types\/post"}],"author":[{"embeddable":true,"href":"http:\/\/desarrollo.grupomedios.com\/futbol\/wp-json\/wp\/v2\/users\/20"}],"replies":[{"embeddable":true,"href":"http:\/\/desarrollo.grupomedios.com\/futbol\/wp-json\/wp\/v2\/comments?post=361191"}],"version-history":[{"count":0,"href":"http:\/\/desarrollo.grupomedios.com\/futbol\/wp-json\/wp\/v2\/posts\/361191\/revisions"}],"wp:featuredmedia":[{"embeddable":true,"href":"http:\/\/desarrollo.grupomedios.com\/futbol\/wp-json\/wp\/v2\/media\/361200"}],"wp:attachment":[{"href":"http:\/\/desarrollo.grupomedios.com\/futbol\/wp-json\/wp\/v2\/media?parent=361191"}],"wp:term":[{"taxonomy":"category","embeddable":true,"href":"http:\/\/desarrollo.grupomedios.com\/futbol\/wp-json\/wp\/v2\/categories?post=361191"},{"taxonomy":"post_tag","embeddable":true,"href":"http:\/\/desarrollo.grupomedios.com\/futbol\/wp-json\/wp\/v2\/tags?post=361191"}],"curies":[{"name":"wp","href":"https:\/\/api.w.org\/{rel}","templated":true}]}}