{"id":361240,"date":"2016-02-25T19:12:26","date_gmt":"2016-02-26T01:12:26","guid":{"rendered":"http:\/\/futboltotal.com.mx\/?p=361240"},"modified":"2016-02-25T19:12:26","modified_gmt":"2016-02-26T01:12:26","slug":"ambar-vidal-la-hermana-del-rey-arturo","status":"publish","type":"post","link":"http:\/\/desarrollo.grupomedios.com\/futbol\/galerias\/ambar-vidal-la-hermana-del-rey-arturo\/2016\/02","title":{"rendered":"Ambar Vidal, la hermana del Rey Arturo"},"content":{"rendered":"<p>A sus 28 a\u00f1os de edad, el chileno <strong>Arturo Vidal<\/strong> se decanta como uno de los mejores futbolistas del mundo, sin embargo, en los \u00faltimos meses le sali\u00f3 m\u00e1s de un fan, que no esperan ver el desempe\u00f1o del mediocampista en el Bayern Munich, sino que lo quieren de cu\u00f1ado, ya que su hermana, <strong>Ambar Vidal<\/strong> presume una belleza impactante.<\/p>\n<div id=\"galleryLLX\" style=\"display:none;\"><img alt=\"\" src=\"http:\/\/desarrollo.grupomedios.com\/futbol\/wp-content\/uploads\/2016\/02\/ambar-vidal-arturo-vidal-1.jpg\" data-image=\"http:\/\/desarrollo.grupomedios.com\/futbol\/wp-content\/uploads\/2016\/02\/ambar-vidal-arturo-vidal-1.jpg\" data-description=\"ambar-vidal-arturo-vidal-1\"><img alt=\"\" src=\"http:\/\/desarrollo.grupomedios.com\/futbol\/wp-content\/uploads\/2016\/02\/ambar-vidal-arturo-vidal-2.jpg\" data-image=\"http:\/\/desarrollo.grupomedios.com\/futbol\/wp-content\/uploads\/2016\/02\/ambar-vidal-arturo-vidal-2.jpg\" data-description=\"ambar-vidal-arturo-vidal-2\"><img alt=\"\" src=\"http:\/\/desarrollo.grupomedios.com\/futbol\/wp-content\/uploads\/2016\/02\/ambar-vidal-arturo-vidal-3.jpg\" data-image=\"http:\/\/desarrollo.grupomedios.com\/futbol\/wp-content\/uploads\/2016\/02\/ambar-vidal-arturo-vidal-3.jpg\" data-description=\"ambar-vidal-arturo-vidal-3\"><img alt=\"\" src=\"http:\/\/desarrollo.grupomedios.com\/futbol\/wp-content\/uploads\/2016\/02\/ambar-vidal-arturo-vidal-4.jpg\" data-image=\"http:\/\/desarrollo.grupomedios.com\/futbol\/wp-content\/uploads\/2016\/02\/ambar-vidal-arturo-vidal-4.jpg\" data-description=\"ambar-vidal-arturo-vidal-4\"><img alt=\"\" src=\"http:\/\/desarrollo.grupomedios.com\/futbol\/wp-content\/uploads\/2016\/02\/ambar-vidal-arturo-vidal-5.jpg\" data-image=\"http:\/\/desarrollo.grupomedios.com\/futbol\/wp-content\/uploads\/2016\/02\/ambar-vidal-arturo-vidal-5.jpg\" data-description=\"ambar-vidal-arturo-vidal-5\"><img alt=\"\" src=\"http:\/\/desarrollo.grupomedios.com\/futbol\/wp-content\/uploads\/2016\/02\/ambar-vidal-arturo-vidal-6.jpg\" data-image=\"http:\/\/desarrollo.grupomedios.com\/futbol\/wp-content\/uploads\/2016\/02\/ambar-vidal-arturo-vidal-6.jpg\" data-description=\"ambar-vidal-arturo-vidal-6\"><img alt=\"\" src=\"http:\/\/desarrollo.grupomedios.com\/futbol\/wp-content\/uploads\/2016\/02\/ambar-vidal-arturo-vidal-7.jpg\" data-image=\"http:\/\/desarrollo.grupomedios.com\/futbol\/wp-content\/uploads\/2016\/02\/ambar-vidal-arturo-vidal-7.jpg\" data-description=\"ambar-vidal-arturo-vidal-7\"><img alt=\"\" src=\"http:\/\/desarrollo.grupomedios.com\/futbol\/wp-content\/uploads\/2016\/02\/ambar-vidal-arturo-vidal-8.jpg\" data-image=\"http:\/\/desarrollo.grupomedios.com\/futbol\/wp-content\/uploads\/2016\/02\/ambar-vidal-arturo-vidal-8.jpg\" data-description=\"ambar-vidal-arturo-vidal-8\"><img alt=\"\" src=\"http:\/\/desarrollo.grupomedios.com\/futbol\/wp-content\/uploads\/2016\/02\/ambar-vidal-arturo-vidal-9.jpg\" data-image=\"http:\/\/desarrollo.grupomedios.com\/futbol\/wp-content\/uploads\/2016\/02\/ambar-vidal-arturo-vidal-9.jpg\" data-description=\"ambar-vidal-arturo-vidal-9\"><img alt=\"\" src=\"http:\/\/desarrollo.grupomedios.com\/futbol\/wp-content\/uploads\/2016\/02\/ambar-vidal-arturo-vidal-10.jpg\" data-image=\"http:\/\/desarrollo.grupomedios.com\/futbol\/wp-content\/uploads\/2016\/02\/ambar-vidal-arturo-vidal-10.jpg\" data-description=\"ambar-vidal-arturo-vidal-10\"><\/div>\n        <script>\n        \/\/galeria 1\n        jQuery(document).ready(function(){ \n            var api;\n            api = jQuery(\"#galleryLLX\").unitegallery({\n                carousel_autoplay: false\n            }); \n        });\n        <\/script>\n        \n","protected":false},"excerpt":{"rendered":"<p>La pariente del mediocampista paraliza los corazones en las redes sociales <\/p>\n","protected":false},"author":20,"featured_media":361251,"comment_status":"closed","ping_status":"closed","sticky":false,"template":"","format":"standard","meta":[],"categories":[6408,5422,3],"tags":[4166,2033],"_links":{"self":[{"href":"http:\/\/desarrollo.grupomedios.com\/futbol\/wp-json\/wp\/v2\/posts\/361240"}],"collection":[{"href":"http:\/\/desarrollo.grupomedios.com\/futbol\/wp-json\/wp\/v2\/posts"}],"about":[{"href":"http:\/\/desarrollo.grupomedios.com\/futbol\/wp-json\/wp\/v2\/types\/post"}],"author":[{"embeddable":true,"href":"http:\/\/desarrollo.grupomedios.com\/futbol\/wp-json\/wp\/v2\/users\/20"}],"replies":[{"embeddable":true,"href":"http:\/\/desarrollo.grupomedios.com\/futbol\/wp-json\/wp\/v2\/comments?post=361240"}],"version-history":[{"count":0,"href":"http:\/\/desarrollo.grupomedios.com\/futbol\/wp-json\/wp\/v2\/posts\/361240\/revisions"}],"wp:featuredmedia":[{"embeddable":true,"href":"http:\/\/desarrollo.grupomedios.com\/futbol\/wp-json\/wp\/v2\/media\/361251"}],"wp:attachment":[{"href":"http:\/\/desarrollo.grupomedios.com\/futbol\/wp-json\/wp\/v2\/media?parent=361240"}],"wp:term":[{"taxonomy":"category","embeddable":true,"href":"http:\/\/desarrollo.grupomedios.com\/futbol\/wp-json\/wp\/v2\/categories?post=361240"},{"taxonomy":"post_tag","embeddable":true,"href":"http:\/\/desarrollo.grupomedios.com\/futbol\/wp-json\/wp\/v2\/tags?post=361240"}],"curies":[{"name":"wp","href":"https:\/\/api.w.org\/{rel}","templated":true}]}}