{"id":361258,"date":"2016-02-25T20:09:34","date_gmt":"2016-02-26T02:09:34","guid":{"rendered":"http:\/\/futboltotal.com.mx\/?p=361258"},"modified":"2016-02-25T20:09:34","modified_gmt":"2016-02-26T02:09:34","slug":"jackson-martinez-no-anota-ni-en-china","status":"publish","type":"post","link":"http:\/\/desarrollo.grupomedios.com\/futbol\/videos\/jackson-martinez-no-anota-ni-en-china\/2016\/02","title":{"rendered":"Jackson Mart\u00ednez no anota ni en China"},"content":{"rendered":"<p>Con Porto, el colombiano <strong>Jackson Mart\u00ednez<\/strong> no se cans\u00f3 de anotar, pero en su traves\u00eda por Atl\u00e9tico de Madrid decepcion\u00f3 al sumar s\u00f3lo tres anotaciones en 22 partidos, por eso su salida era inminente, pero todos se sorprendieron al saber que acept\u00f3 la oferta del <strong>Guangzhou<\/strong> de <strong>China<\/strong>. A tres semanas de eso, el delantero parece que sigue con la p\u00f3lvora mojada ya que en su debut fall\u00f3 en m\u00e1s de una ocasi\u00f3n y eso ayud\u00f3 a que su equipo empatara a 0-0\u00a0ante el <strong>Pohang Steeler<\/strong> surcoreano en la Liga de Campeones de Asia.<\/p>\n<p><iframe loading=\"lazy\" src=\"https:\/\/www.youtube.com\/embed\/UzIK9-ABaoY\" frameborder=\"0\" allowfullscreen=\"allowfullscreen\"><\/iframe><\/p>\n","protected":false},"excerpt":{"rendered":"<p>El colombiano tuvo un desafortunado debut <\/p>\n","protected":false},"author":20,"featured_media":361259,"comment_status":"closed","ping_status":"closed","sticky":false,"template":"","format":"standard","meta":[],"categories":[3839,4],"tags":[6039,6274],"_links":{"self":[{"href":"http:\/\/desarrollo.grupomedios.com\/futbol\/wp-json\/wp\/v2\/posts\/361258"}],"collection":[{"href":"http:\/\/desarrollo.grupomedios.com\/futbol\/wp-json\/wp\/v2\/posts"}],"about":[{"href":"http:\/\/desarrollo.grupomedios.com\/futbol\/wp-json\/wp\/v2\/types\/post"}],"author":[{"embeddable":true,"href":"http:\/\/desarrollo.grupomedios.com\/futbol\/wp-json\/wp\/v2\/users\/20"}],"replies":[{"embeddable":true,"href":"http:\/\/desarrollo.grupomedios.com\/futbol\/wp-json\/wp\/v2\/comments?post=361258"}],"version-history":[{"count":0,"href":"http:\/\/desarrollo.grupomedios.com\/futbol\/wp-json\/wp\/v2\/posts\/361258\/revisions"}],"wp:featuredmedia":[{"embeddable":true,"href":"http:\/\/desarrollo.grupomedios.com\/futbol\/wp-json\/wp\/v2\/media\/361259"}],"wp:attachment":[{"href":"http:\/\/desarrollo.grupomedios.com\/futbol\/wp-json\/wp\/v2\/media?parent=361258"}],"wp:term":[{"taxonomy":"category","embeddable":true,"href":"http:\/\/desarrollo.grupomedios.com\/futbol\/wp-json\/wp\/v2\/categories?post=361258"},{"taxonomy":"post_tag","embeddable":true,"href":"http:\/\/desarrollo.grupomedios.com\/futbol\/wp-json\/wp\/v2\/tags?post=361258"}],"curies":[{"name":"wp","href":"https:\/\/api.w.org\/{rel}","templated":true}]}}