{"id":361298,"date":"2016-02-26T08:10:07","date_gmt":"2016-02-26T14:10:07","guid":{"rendered":"http:\/\/futboltotal.com.mx\/?p=361298"},"modified":"2016-02-26T09:07:08","modified_gmt":"2016-02-26T15:07:08","slug":"duelo-de-mexicanos-en-octavos-de-final-de-europa-league","status":"publish","type":"post","link":"http:\/\/desarrollo.grupomedios.com\/futbol\/destacado-home\/duelo-de-mexicanos-en-octavos-de-final-de-europa-league\/2016\/02","title":{"rendered":"Duro duelo para Chicharito y Bayer en Europa League"},"content":{"rendered":"<p>El sorteo de la <strong>Europa League<\/strong> celebrado este viernes defini\u00f3 los emparejamientos de octavos de final y la suerte provoc\u00f3 un duelo entre <strong>Villarreal<\/strong> y <strong>Bayer Leverkusen<\/strong>, ambos equipos con un mexicano, Jonathan dos Santos por el Submarino Amarillo y Javier Hern\u00e1ndez por las Aspirinas, aunque lo inminente es que sea <strong>Chicharito<\/strong> el \u00fanico que tenga participaci\u00f3n, pues <em>Jona<\/em> se estar\u00e1 lejos de las canchas <strong><span style=\"color: #3366ff;\"><a style=\"color: #3366ff;\" href=\"http:\/\/futboltotal.com.mx\/2016\/02\/jonathan-dos-santos-no-estara-con-la-seleccion-mexicana\/\">por al menos seis semanas m\u00e1s. <\/a><\/span><\/strong><\/p>\n<p>El resto de emparejamientos son los siguientes:<\/p>\n<p>Athletic-Valencia.<\/p>\n<p>Shakhtar Donetsk-Anderlecht<\/p>\n<p>Basilea-Sevilla<\/p>\n<p>Liverpool-Manchester United<\/p>\n<p>Sparta Praga-Lazio<\/p>\n<p>Borussia Dortmund-Tottenham<\/p>\n<p>Fenerbah\u00e7e -Braga<\/p>\n<p style=\"text-align: center;\"><strong><span style=\"color: #3366ff;\"><a style=\"color: #3366ff;\" href=\"http:\/\/futboltotal.com.mx\/2016\/02\/los-memes-de-la-europa-league-2\/\">LEER M\u00c1S: Los memes de la Europa League.<\/a><\/span><\/strong><\/p>\n<p>En esta eliminatoria ya no hay condiciones de ning\u00fan tipo: esta vez pueden enfrentarse dos equipos del mismo pa\u00eds y pueden medirse dos conjuntos que procedan de la Champions League.<\/p>\n<p>Los dos partidos de octavos, ida y vuelta de Europa League, se celebrar\u00e1n los jueves 10 y 17 de marzo. El horario ser\u00e1 el habitual: 19:00 horas y 21:05 horas. La final de esta edici\u00f3n se disputar\u00e1 el 18 de mayo en Basilea (Suiza). El \u00faltimo ganador fue el Sevilla.<\/p>\n","protected":false},"excerpt":{"rendered":"<p>El sorteo defini\u00f3 Villarreal vs Bayer Leverkusen<\/p>\n","protected":false},"author":20,"featured_media":361299,"comment_status":"closed","ping_status":"closed","sticky":false,"template":"","format":"standard","meta":[],"categories":[5,3857,6718],"tags":[4335,120,516,48,2607],"_links":{"self":[{"href":"http:\/\/desarrollo.grupomedios.com\/futbol\/wp-json\/wp\/v2\/posts\/361298"}],"collection":[{"href":"http:\/\/desarrollo.grupomedios.com\/futbol\/wp-json\/wp\/v2\/posts"}],"about":[{"href":"http:\/\/desarrollo.grupomedios.com\/futbol\/wp-json\/wp\/v2\/types\/post"}],"author":[{"embeddable":true,"href":"http:\/\/desarrollo.grupomedios.com\/futbol\/wp-json\/wp\/v2\/users\/20"}],"replies":[{"embeddable":true,"href":"http:\/\/desarrollo.grupomedios.com\/futbol\/wp-json\/wp\/v2\/comments?post=361298"}],"version-history":[{"count":0,"href":"http:\/\/desarrollo.grupomedios.com\/futbol\/wp-json\/wp\/v2\/posts\/361298\/revisions"}],"wp:featuredmedia":[{"embeddable":true,"href":"http:\/\/desarrollo.grupomedios.com\/futbol\/wp-json\/wp\/v2\/media\/361299"}],"wp:attachment":[{"href":"http:\/\/desarrollo.grupomedios.com\/futbol\/wp-json\/wp\/v2\/media?parent=361298"}],"wp:term":[{"taxonomy":"category","embeddable":true,"href":"http:\/\/desarrollo.grupomedios.com\/futbol\/wp-json\/wp\/v2\/categories?post=361298"},{"taxonomy":"post_tag","embeddable":true,"href":"http:\/\/desarrollo.grupomedios.com\/futbol\/wp-json\/wp\/v2\/tags?post=361298"}],"curies":[{"name":"wp","href":"https:\/\/api.w.org\/{rel}","templated":true}]}}