{"id":361303,"date":"2016-02-26T08:31:08","date_gmt":"2016-02-26T14:31:08","guid":{"rendered":"http:\/\/futboltotal.com.mx\/?p=361303"},"modified":"2016-02-26T13:31:30","modified_gmt":"2016-02-26T19:31:30","slug":"marcelo-se-queda-sin-derbi-con-el-real-madrid","status":"publish","type":"post","link":"http:\/\/desarrollo.grupomedios.com\/futbol\/futbol-internacional\/marcelo-se-queda-sin-derbi-con-el-real-madrid\/2016\/02","title":{"rendered":"Zidane, con una baja m\u00e1s que sensible en Real Madrid"},"content":{"rendered":"<p>A nueve puntos del Barcelona y con un complicado duelo en puerta, para <strong>Zinedine Zidane<\/strong> la estancia con el Real Madrid comienza a complicarse. Este s\u00e1bado enfrentar\u00e1 al Atl\u00e9tico de Madrid con dos bajas sensibles: Gareth Bale sigue sin recuperar su mejor forma f\u00edsica y a esa sensible baja se suma la de <strong>Marcelo<\/strong>, al que dejar\u00e1 fuera del derbi una sobrecarga muscular.<\/p>\n<p>El lateral encendi\u00f3 las alarmas cuando se ausent\u00f3 en la sesi\u00f3n de entrenamiento del \u00a0jueves, ya que\u00a0apenas han transcurrido poco m\u00e1s de dos semanas desde su regreso tras sufrir una luxaci\u00f3n en el hombro. No\u00a0se trata de una reca\u00edda lo que marginar\u00e1 al brasile\u00f1o, sino una nueva lesi\u00f3n, esta vez en un gemelo, seg\u00fan confirm\u00f3 el t\u00e9cnico <strong>Zinedine Zidane<\/strong> en rueda de prensa tras el entrenamiento del viernes.<\/p>\n<p style=\"text-align: center;\"><span style=\"color: #3366ff;\"><strong><a style=\"color: #3366ff;\" href=\"http:\/\/futboltotal.com.mx\/2016\/02\/marco-fabian-le-cuida-la-novia-a-chicharito\/\">LEER M\u00c1S: Marco Fabi\u00e1n le cuida la novia a Chicharito.<\/a><\/strong><\/span><\/p>\n<p>&#8220;Marcelo tiene una sobrecarga en el gemelo y hay que tener cuidado; no va a estar con nosotros. Pepe ha entrenado; Bale sigue trabajando aparte. El resto est\u00e1n bien&#8221;, se\u00f1al\u00f3\u00a0el entrenador merengue.<\/p>\n<p><strong>Zidane<\/strong> no quiso\u00a0dar un pron\u00f3stico para la vuelta del jugador, pero se espera que est\u00e9 listo para el pr\u00f3ximo fin de semana. El defensa se une a la baja de Gareth Bale, quien lleva m\u00e1s de un mes fuera debido a una lesi\u00f3n en el s\u00f3leo y no tiene fecha de vuelta, mientras Pepe se mantiene en duda, hace un mes que no ve acci\u00f3n debido a un problema en la planta del pie y no tiene ritmo de competici\u00f3n.<\/p>\n<p style=\"text-align: center;\"><span style=\"color: #3366ff;\"><strong><a style=\"color: #3366ff;\" href=\"http:\/\/futboltotal.com.mx\/2016\/02\/bale-no-se-ira-del-real-madrid\/\">LEER M\u00c1S: Bale no se ir\u00e1 del Real Madrid.<\/a><\/strong><\/span><\/p>\n","protected":false},"excerpt":{"rendered":"<p>Marcelo no podr\u00e1 disputar el derbi de esta s\u00e1bado <\/p>\n","protected":false},"author":20,"featured_media":353457,"comment_status":"closed","ping_status":"closed","sticky":false,"template":"","format":"standard","meta":[],"categories":[3839,3844,5951],"tags":[1197,5988,2215],"_links":{"self":[{"href":"http:\/\/desarrollo.grupomedios.com\/futbol\/wp-json\/wp\/v2\/posts\/361303"}],"collection":[{"href":"http:\/\/desarrollo.grupomedios.com\/futbol\/wp-json\/wp\/v2\/posts"}],"about":[{"href":"http:\/\/desarrollo.grupomedios.com\/futbol\/wp-json\/wp\/v2\/types\/post"}],"author":[{"embeddable":true,"href":"http:\/\/desarrollo.grupomedios.com\/futbol\/wp-json\/wp\/v2\/users\/20"}],"replies":[{"embeddable":true,"href":"http:\/\/desarrollo.grupomedios.com\/futbol\/wp-json\/wp\/v2\/comments?post=361303"}],"version-history":[{"count":0,"href":"http:\/\/desarrollo.grupomedios.com\/futbol\/wp-json\/wp\/v2\/posts\/361303\/revisions"}],"wp:featuredmedia":[{"embeddable":true,"href":"http:\/\/desarrollo.grupomedios.com\/futbol\/wp-json\/wp\/v2\/media\/353457"}],"wp:attachment":[{"href":"http:\/\/desarrollo.grupomedios.com\/futbol\/wp-json\/wp\/v2\/media?parent=361303"}],"wp:term":[{"taxonomy":"category","embeddable":true,"href":"http:\/\/desarrollo.grupomedios.com\/futbol\/wp-json\/wp\/v2\/categories?post=361303"},{"taxonomy":"post_tag","embeddable":true,"href":"http:\/\/desarrollo.grupomedios.com\/futbol\/wp-json\/wp\/v2\/tags?post=361303"}],"curies":[{"name":"wp","href":"https:\/\/api.w.org\/{rel}","templated":true}]}}