{"id":361310,"date":"2016-02-26T09:55:52","date_gmt":"2016-02-26T15:55:52","guid":{"rendered":"http:\/\/futboltotal.com.mx\/?p=361310"},"modified":"2016-02-26T09:55:36","modified_gmt":"2016-02-26T15:55:36","slug":"en-espana-estan-asombrados-por-chicharito","status":"publish","type":"post","link":"http:\/\/desarrollo.grupomedios.com\/futbol\/destacado-home\/en-espana-estan-asombrados-por-chicharito\/2016\/02","title":{"rendered":"En Espa\u00f1a, asombrados por Chicharito"},"content":{"rendered":"<p style=\"text-align: left;\">Este viernes fueron revelados los cruces de Europa League para los octavos de final a desarrollarse el pr\u00f3ximo 10 y 17 de marzo. Como <strong><span style=\"color: #3366ff;\"><a style=\"color: #3366ff;\" href=\"http:\/\/futboltotal.com.mx\/2016\/02\/duelo-de-mexicanos-en-octavos-de-final-de-europa-league\/\">duelo m\u00e1s atractivo se perfila el Villarreal vs Bayer Leverkusen<\/a><\/span><\/strong>, equipos que cuentan con mexicanos en sus filas pero que lamentablemente no podr\u00e1 contar con la presencia de uno de ellos, Jonathan Dos Santos, que estar\u00e1 fuera lo que resta de febrero y todo el mes de marzo por una rotura fibrilar en los isquiotibiales de la pierna izquierda.<\/p>\n<p>Quien si estar\u00e1 es <strong>Chicharito<\/strong>, m\u00e1ximo goleador en la temporada del equipo alem\u00e1n y el hombre temible de las <em>Aspirinas<\/em> de acuerdo al <em>MARCA<\/em>. Al menos as\u00ed lo se\u00f1ala en su an\u00e1lisis del cruce, donde destaca las variadas alternativas con las que cuenta Roger Schmidt en el medio campo.<\/p>\n<p style=\"text-align: center;\"><strong><span style=\"color: #3366ff;\"><a style=\"color: #3366ff;\" href=\"http:\/\/futboltotal.com.mx\/2016\/02\/los-memes-de-la-europa-league-2\/\">LEER M\u00c1S: Los memes de la Europa League.<\/a><\/span><\/strong><\/p>\n<p>&#8220;Con Brandt, Kramer, Kampl, Bellarabi, Mehmedi&#8230; cubriendo el centro del campo, la circulaci\u00f3n r\u00e1pida del bal\u00f3n est\u00e1 asegurada&#8221;, adem\u00e1s de asegurar que es un rival sumamente complicado, pues la temporada pasada llevaron hasta la tanda de penaltis al Atl\u00e9tico de Madrid y el jueves se &#8220;carg\u00f3 con solvencia&#8221; <strong><span style=\"color: #3366ff;\"><a style=\"color: #3366ff;\" href=\"http:\/\/futboltotal.com.mx\/2016\/02\/leverkusen-avanza-a-octavos-de-europa-league\/\">al Sporting de Lisboa<\/a><\/span><\/strong>.<\/p>\n<p>Al que llenaron de elogios fue a <strong>Chicharito<\/strong>, futbolista con m\u00e1s goles para el Leverkusen esta temporada y de quien resaltan: &#8220;ha resurgido de sus cenizas destrozando todos sus anteriores registros. 13 goles en 18 partidos en Bundesliga y 5 en 6 participaciones en Champions League suma esta temporada&#8221; y no cesan con sus flores para el mexicano, alabando el binomio de ataque de las <em>Aspirinas<\/em>.<\/p>\n<p>&#8220;Ch\u00edcharo y Kiessling pondr\u00e1n en problemas a una zaga amarilla que, a diferencia de contra el pausado N\u00e1poles, recibir\u00e1 ataques constantes de la locura de Leverkusen&#8221;.<\/p>\n","protected":false},"excerpt":{"rendered":"<p>Villarreal jugar\u00e1 ante Bayer y en el an\u00e1lisis del duelo se destac\u00f3 la p\u00f3lvora de Chicharito<\/p>\n","protected":false},"author":20,"featured_media":361317,"comment_status":"closed","ping_status":"closed","sticky":false,"template":"","format":"standard","meta":[],"categories":[5,3857,3839,6718],"tags":[120,516],"_links":{"self":[{"href":"http:\/\/desarrollo.grupomedios.com\/futbol\/wp-json\/wp\/v2\/posts\/361310"}],"collection":[{"href":"http:\/\/desarrollo.grupomedios.com\/futbol\/wp-json\/wp\/v2\/posts"}],"about":[{"href":"http:\/\/desarrollo.grupomedios.com\/futbol\/wp-json\/wp\/v2\/types\/post"}],"author":[{"embeddable":true,"href":"http:\/\/desarrollo.grupomedios.com\/futbol\/wp-json\/wp\/v2\/users\/20"}],"replies":[{"embeddable":true,"href":"http:\/\/desarrollo.grupomedios.com\/futbol\/wp-json\/wp\/v2\/comments?post=361310"}],"version-history":[{"count":0,"href":"http:\/\/desarrollo.grupomedios.com\/futbol\/wp-json\/wp\/v2\/posts\/361310\/revisions"}],"wp:featuredmedia":[{"embeddable":true,"href":"http:\/\/desarrollo.grupomedios.com\/futbol\/wp-json\/wp\/v2\/media\/361317"}],"wp:attachment":[{"href":"http:\/\/desarrollo.grupomedios.com\/futbol\/wp-json\/wp\/v2\/media?parent=361310"}],"wp:term":[{"taxonomy":"category","embeddable":true,"href":"http:\/\/desarrollo.grupomedios.com\/futbol\/wp-json\/wp\/v2\/categories?post=361310"},{"taxonomy":"post_tag","embeddable":true,"href":"http:\/\/desarrollo.grupomedios.com\/futbol\/wp-json\/wp\/v2\/tags?post=361310"}],"curies":[{"name":"wp","href":"https:\/\/api.w.org\/{rel}","templated":true}]}}