{"id":361351,"date":"2016-02-26T12:48:26","date_gmt":"2016-02-26T18:48:26","guid":{"rendered":"http:\/\/futboltotal.com.mx\/?p=361351"},"modified":"2016-02-26T16:32:58","modified_gmt":"2016-02-26T22:32:58","slug":"chicharito-ultimo-gran-heroe-del-real-madrid","status":"publish","type":"post","link":"http:\/\/desarrollo.grupomedios.com\/futbol\/futbol-internacional\/chicharito-ultimo-gran-heroe-del-real-madrid\/2016\/02","title":{"rendered":"Chicharito, el \u00faltimo gran h\u00e9roe del Real Madrid"},"content":{"rendered":"<p>La historia del derbi madrile\u00f1o entre el <strong>Real Madrid<\/strong> y <strong>Atl\u00e9tico<\/strong> guarda entre las p\u00e1ginas de su historia un apartado muy especial para el mexicano<strong> Javier Chicharito Hern\u00e1ndez<\/strong>, quien la noche del 22 de abril de 2015 vivi\u00f3, quiz\u00e1, el partido de su vida con los<em> Merengues<\/em>.<\/p>\n<p>En los Octavos de Final de la Champions League, el mexicano fue titular y marc\u00f3 un gol que catapult\u00f3 a los <em>Merengues <\/em>a las semifinales. Ese gol fue <strong>el \u00faltimo que dio al Real Madrid una victoria ante los<em> Colchoneros<\/em><\/strong>, que regresan al Santiago Bernab\u00e9u convertidos en un dur\u00edsimo rival al que solo han podido vencer una vez en los \u00faltimos nueve partidos.<\/p>\n<p style=\"text-align: center;\"><span style=\"color: #3366ff;\"><strong><a style=\"color: #3366ff;\" href=\"http:\/\/futboltotal.com.mx\/futbol-internacional\/\">LEER M\u00c1S: Todas las noticias de CH7<\/a><\/strong><\/span><\/p>\n<p><strong>Chicharito<\/strong>, que totaliz\u00f3 nueve dianas con el Real Madrid en una temporada, firm\u00f3 aquella noche un tanto \u00e9pico que incluy\u00f3 una gran jugada James y Cristiano Ronaldo, quien lo asisti\u00f3 con un pase dentro del \u00e1rea.<\/p>\n<p>Ma\u00f1ana habr\u00e1 de nueva cuenta un derbi en la<em> Casa Blanca<\/em> -el \u00faltimo termin\u00f3 1-1 en el Calder\u00f3n- y ya sin Chicharito, ahora goleador del Leverkusen, los <em>Blancos<\/em> buscar\u00e1n una victoria que los ayude a manetenerse en la pelea por la liga, donde est\u00e1n a nueve puntos del l\u00edder Barcelona.<\/p>\n<p><iframe loading=\"lazy\" src=\"https:\/\/www.youtube.com\/embed\/SmKTu07YqIM\" frameborder=\"0\" allowfullscreen=\"allowfullscreen\"><\/iframe><\/p>\n","protected":false},"excerpt":{"rendered":"<p>La \u00faltima victoria de los Blancos en el Bernab\u00e9u tiene el sello del mexicano<\/p>\n","protected":false},"author":20,"featured_media":361358,"comment_status":"closed","ping_status":"closed","sticky":false,"template":"","format":"standard","meta":[],"categories":[3839,5951],"tags":[120,5988],"_links":{"self":[{"href":"http:\/\/desarrollo.grupomedios.com\/futbol\/wp-json\/wp\/v2\/posts\/361351"}],"collection":[{"href":"http:\/\/desarrollo.grupomedios.com\/futbol\/wp-json\/wp\/v2\/posts"}],"about":[{"href":"http:\/\/desarrollo.grupomedios.com\/futbol\/wp-json\/wp\/v2\/types\/post"}],"author":[{"embeddable":true,"href":"http:\/\/desarrollo.grupomedios.com\/futbol\/wp-json\/wp\/v2\/users\/20"}],"replies":[{"embeddable":true,"href":"http:\/\/desarrollo.grupomedios.com\/futbol\/wp-json\/wp\/v2\/comments?post=361351"}],"version-history":[{"count":0,"href":"http:\/\/desarrollo.grupomedios.com\/futbol\/wp-json\/wp\/v2\/posts\/361351\/revisions"}],"wp:featuredmedia":[{"embeddable":true,"href":"http:\/\/desarrollo.grupomedios.com\/futbol\/wp-json\/wp\/v2\/media\/361358"}],"wp:attachment":[{"href":"http:\/\/desarrollo.grupomedios.com\/futbol\/wp-json\/wp\/v2\/media?parent=361351"}],"wp:term":[{"taxonomy":"category","embeddable":true,"href":"http:\/\/desarrollo.grupomedios.com\/futbol\/wp-json\/wp\/v2\/categories?post=361351"},{"taxonomy":"post_tag","embeddable":true,"href":"http:\/\/desarrollo.grupomedios.com\/futbol\/wp-json\/wp\/v2\/tags?post=361351"}],"curies":[{"name":"wp","href":"https:\/\/api.w.org\/{rel}","templated":true}]}}