{"id":361549,"date":"2016-02-27T10:57:47","date_gmt":"2016-02-27T16:57:47","guid":{"rendered":"http:\/\/futboltotal.com.mx\/?p=361549"},"modified":"2016-02-27T11:22:51","modified_gmt":"2016-02-27T17:22:51","slug":"borja-mayoral-el-sorpresivo-debut-del-derbi-madrileno","status":"publish","type":"post","link":"http:\/\/desarrollo.grupomedios.com\/futbol\/futbol-internacional\/borja-mayoral-el-sorpresivo-debut-del-derbi-madrileno\/2016\/02","title":{"rendered":"Borja Mayoral, el sorpresivo \u201cdebut\u201d del derbi madrile\u00f1o"},"content":{"rendered":"<p>No, no es el debut porque tres minutos contra las Palmas fueron su primera experiencia, empero, <strong>Borja Mayoral<\/strong> considerar\u00e1 como su presentaci\u00f3n en la liga espa\u00f1ola el 27 de febrero del 2016, fecha en la que disput\u00f3 todo el segundo tiempo del <strong>derbi madrile\u00f1o<\/strong>.<\/p>\n<p>Jugar en la cancha del Bernab\u00e9u es el sue\u00f1o de cientos de futbolistas, anhelo que consigui\u00f3 la joya <em>merengue<\/em>, a quien se le grabar\u00e1 en la memoria por toda su vida el momento cuando Zinedine Zidane le dijo \u201cprep\u00e1rate, entrar\u00e1s para el complemento del cotejo, en lugar de Karim Benzema\u201d.<\/p>\n<p style=\"text-align: center;\"><span style=\"color: #3366ff;\"><strong><a style=\"color: #3366ff;\" href=\"http:\/\/futboltotal.com.mx\/2016\/02\/atletico-de-madrid-confirma-hegemonia-sobre-real-madrid\/\" target=\"_blank\">LEER M\u00c1S: Atl\u00e9tico de Madrid confirma hegemon\u00eda sobre Real Madrid<\/a><\/strong><\/span><\/p>\n<p>Si bien <strong>Borja Mayoral<\/strong> ya sab\u00eda lo que era defender la camiseta del <strong>Real Madrid <\/strong>en la Audi Cup, duelos amistosos, as\u00ed como un ef\u00edmero momento en la liga espa\u00f1ola; no se compara con su experiencia frente a un rival odiado como lo es Atl\u00e9tico de Madrid.<\/p>\n<p>Gracias a su desempe\u00f1o con el Real Madrid Casillas, <em>Zizou<\/em> conoci\u00f3 al ariete que se decanta como un depredador del \u00e1rea, ya que en la temporada 2015-16 suma 11 anotaciones en la liga.<\/p>\n<p>Para desgracia del jugador, no todo fue alegr\u00edas, ya que los <em>Colchoneros<\/em> demostraron estar en mejor momento y se impuso en el marcador 0-1, aunque <strong>Borja Mayoral<\/strong> podr\u00e1 presumir que empieza su lucha por ganarse el puesto en uno de los ataques m\u00e1s letales del mundo.<\/p>\n<p style=\"text-align: center;\"><span style=\"color: #3366ff;\"><strong><a style=\"color: #3366ff;\" href=\"http:\/\/futboltotal.com.mx\/futbol-internacional\/\" target=\"_blank\">LEER M\u00c1S: Toda la informaci\u00f3n del futbol internacional<\/a><\/strong><\/span><\/p>\n","protected":false},"excerpt":{"rendered":"<p>Zidane sorprendi\u00f3 al joven delantero<\/p>\n","protected":false},"author":20,"featured_media":361550,"comment_status":"closed","ping_status":"closed","sticky":false,"template":"","format":"standard","meta":[],"categories":[3839,3844,5951],"tags":[5988],"_links":{"self":[{"href":"http:\/\/desarrollo.grupomedios.com\/futbol\/wp-json\/wp\/v2\/posts\/361549"}],"collection":[{"href":"http:\/\/desarrollo.grupomedios.com\/futbol\/wp-json\/wp\/v2\/posts"}],"about":[{"href":"http:\/\/desarrollo.grupomedios.com\/futbol\/wp-json\/wp\/v2\/types\/post"}],"author":[{"embeddable":true,"href":"http:\/\/desarrollo.grupomedios.com\/futbol\/wp-json\/wp\/v2\/users\/20"}],"replies":[{"embeddable":true,"href":"http:\/\/desarrollo.grupomedios.com\/futbol\/wp-json\/wp\/v2\/comments?post=361549"}],"version-history":[{"count":0,"href":"http:\/\/desarrollo.grupomedios.com\/futbol\/wp-json\/wp\/v2\/posts\/361549\/revisions"}],"wp:featuredmedia":[{"embeddable":true,"href":"http:\/\/desarrollo.grupomedios.com\/futbol\/wp-json\/wp\/v2\/media\/361550"}],"wp:attachment":[{"href":"http:\/\/desarrollo.grupomedios.com\/futbol\/wp-json\/wp\/v2\/media?parent=361549"}],"wp:term":[{"taxonomy":"category","embeddable":true,"href":"http:\/\/desarrollo.grupomedios.com\/futbol\/wp-json\/wp\/v2\/categories?post=361549"},{"taxonomy":"post_tag","embeddable":true,"href":"http:\/\/desarrollo.grupomedios.com\/futbol\/wp-json\/wp\/v2\/tags?post=361549"}],"curies":[{"name":"wp","href":"https:\/\/api.w.org\/{rel}","templated":true}]}}