{"id":361582,"date":"2016-02-27T13:42:38","date_gmt":"2016-02-27T19:42:38","guid":{"rendered":"http:\/\/futboltotal.com.mx\/?p=361582"},"modified":"2016-02-27T20:19:50","modified_gmt":"2016-02-28T02:19:50","slug":"cristiano-ronaldo-critica-a-sus-companeros","status":"publish","type":"post","link":"http:\/\/desarrollo.grupomedios.com\/futbol\/futbol-internacional\/cristiano-ronaldo-critica-a-sus-companeros\/2016\/02","title":{"rendered":"Cristiano Ronaldo critica a sus compa\u00f1eros"},"content":{"rendered":"<p>Luego de <strong><span style=\"color: #3366ff;\"><a style=\"color: #3366ff;\" href=\"http:\/\/futboltotal.com.mx\/2016\/02\/atletico-de-madrid-confirma-hegemonia-sobre-real-madrid\/\" target=\"_blank\">la derrota frente al Atl\u00e9tico de Madrid 0-1<\/a><\/span><\/strong>, las cr\u00edticas comenzaron a llegar a los o\u00eddos del <strong>Real Madrid<\/strong>, una de las negativas viene de su figura <strong>Cristiano Ronaldo<\/strong>, quien subray\u00f3 que en caso que sus compa\u00f1eros estuvieran al mismo nivel, el equipo ser\u00eda l\u00edder indiscutible.<\/p>\n<p>\u201c\u00bfQu\u00e9 Cristiano est\u00e1 mal? Los otros est\u00e1n haciendo una temporada de la hostia y estoy cerquita de ellos. Me molesta porque parece una persecuci\u00f3n que me hacen, que Cristiano ha bajado y el Madrid tambi\u00e9n. Si todos estuvieran a mi nivel el Madrid estar\u00eda en primero a lo mejor. Parece que desde el punto de vista que hac\u00e9is, parece que soy una mierda. Los n\u00fameros no enga\u00f1an, mira las estad\u00edsticas es f\u00e1cil\u201d, se\u00f1al\u00f3 el atacante.<\/p>\n<p style=\"text-align: center;\"><span style=\"color: #3366ff;\"><strong><a style=\"color: #3366ff;\" href=\"http:\/\/futboltotal.com.mx\/2016\/02\/real-madrid-se-resigna-a-no-ganar-la-liga\/\" target=\"_blank\">LEER M\u00c1S: \u00bfReal Madrid comienza a resignarse en la liga?<\/a><\/strong><\/span><\/p>\n<p>En \u00e9se mismo tenor, <strong>Cristiano Ronaldo<\/strong> se\u00f1al\u00f3 que los resultados negativos suelen ocurrir cuando el plantel titular no est\u00e1 en la cancha, pues si bien el resto de sus compa\u00f1eros se entregan en el campo, no se pueden comparar con el grupo principal.<\/p>\n<p>\u201cDecir el porqu\u00e9 es complicado. No te voy a mentir. Me gusta jugar con Karim Benzema por ejemplo o con Gareth Bale, cuando no est\u00e1n es m\u00e1s dif\u00edcil, con Marcelo, que cuando no est\u00e1 es m\u00e1s dif\u00edcil. Danilo para mi gusto es el mejor en campo por ejemplo. Para lo largo de la temporada es complicado porque normalmente los mejores son los mejores casi siempre. Jes\u00e9 y Lucas no digo que no son buenos, son muy buenos, pero es mi punto de vista\u201d, culmin\u00f3.<\/p>\n<p style=\"text-align: center;\"><span style=\"color: #3366ff;\"><strong><a style=\"color: #3366ff;\" href=\"http:\/\/futboltotal.com.mx\/2016\/02\/borja-mayoral-el-sorpresivo-debut-del-derbi-madrileno\/\" target=\"_blank\">LEER M\u00c1S: El sorpresivo &#8220;debut&#8221; en el derbi madrile\u00f1o<\/a><\/strong><\/span><\/p>\n","protected":false},"excerpt":{"rendered":"<p>\u201cSi todos tuvieran mi nivel el Madrid ser\u00eda primero\u201d, indic\u00f3<\/p>\n","protected":false},"author":20,"featured_media":361583,"comment_status":"closed","ping_status":"closed","sticky":false,"template":"","format":"standard","meta":[],"categories":[6743,3839,3844],"tags":[6013,5988],"_links":{"self":[{"href":"http:\/\/desarrollo.grupomedios.com\/futbol\/wp-json\/wp\/v2\/posts\/361582"}],"collection":[{"href":"http:\/\/desarrollo.grupomedios.com\/futbol\/wp-json\/wp\/v2\/posts"}],"about":[{"href":"http:\/\/desarrollo.grupomedios.com\/futbol\/wp-json\/wp\/v2\/types\/post"}],"author":[{"embeddable":true,"href":"http:\/\/desarrollo.grupomedios.com\/futbol\/wp-json\/wp\/v2\/users\/20"}],"replies":[{"embeddable":true,"href":"http:\/\/desarrollo.grupomedios.com\/futbol\/wp-json\/wp\/v2\/comments?post=361582"}],"version-history":[{"count":0,"href":"http:\/\/desarrollo.grupomedios.com\/futbol\/wp-json\/wp\/v2\/posts\/361582\/revisions"}],"wp:featuredmedia":[{"embeddable":true,"href":"http:\/\/desarrollo.grupomedios.com\/futbol\/wp-json\/wp\/v2\/media\/361583"}],"wp:attachment":[{"href":"http:\/\/desarrollo.grupomedios.com\/futbol\/wp-json\/wp\/v2\/media?parent=361582"}],"wp:term":[{"taxonomy":"category","embeddable":true,"href":"http:\/\/desarrollo.grupomedios.com\/futbol\/wp-json\/wp\/v2\/categories?post=361582"},{"taxonomy":"post_tag","embeddable":true,"href":"http:\/\/desarrollo.grupomedios.com\/futbol\/wp-json\/wp\/v2\/tags?post=361582"}],"curies":[{"name":"wp","href":"https:\/\/api.w.org\/{rel}","templated":true}]}}