{"id":361739,"date":"2016-02-27T20:46:59","date_gmt":"2016-02-28T02:46:59","guid":{"rendered":"http:\/\/futboltotal.com.mx\/?p=361739"},"modified":"2016-02-27T20:46:59","modified_gmt":"2016-02-28T02:46:59","slug":"debut-y-gol-con-el-america-del-churpias-moreno","status":"publish","type":"post","link":"http:\/\/desarrollo.grupomedios.com\/futbol\/videos\/debut-y-gol-con-el-america-del-churpias-moreno\/2016\/02","title":{"rendered":"Debut y gol con el Am\u00e9rica del Churpias Moreno"},"content":{"rendered":"<p>Toda la semana fue subestimado, pero el s\u00e1bado cerr\u00f3 algunas bocas. Al menos, por unos minutos. <strong>Jes\u00fas Churpias Moreno<\/strong> marc\u00f3 el gol que parec\u00eda romper quinielas en el Universitario, luego de una contra el\u00e9ctrica en la que Andr\u00e9s Andrade sirvi\u00f3 para el debutante con Am\u00e9rica. El 27 de las \u00c1guilas defini\u00f3 de forma espl\u00e9ndida y puso la ventaja.<\/p>\n<div id=\"fb-root\"><\/div>\n<p><script>\/\/ <![CDATA[\n(function(d, s, id) { var js, fjs = d.getElementsByTagName(s)[0]; if (d.getElementById(id)) return; js = d.createElement(s); js.id = id; js.src = \"\/\/connect.facebook.net\/es_ES\/sdk.js#xfbml=1&#038;version=v2.3\"; fjs.parentNode.insertBefore(js, fjs);}(document, 'script', 'facebook-jssdk'));\n\/\/ ]]><\/script><\/p>\n<div class=\"fb-video\" data-allowfullscreen=\"1\" data-href=\"https:\/\/www.facebook.com\/LigaBancomerMX\/videos\/935507269896721\/\">\n<div class=\"fb-xfbml-parse-ignore\">\n<blockquote cite=\"https:\/\/www.facebook.com\/LigaBancomerMX\/videos\/935507269896721\/\"><p>G\u26bd\u26bd\u26bd\u26bd\u26bd\u26bd\u26bd\u26bd\u26bd\u26bd\u26bd\u26bd\u26bd\u26bdL de Club Am\u00e9rica. Jes\u00fas Moreno define para ponerle cifras al marcador del Universitario y el 0-1 ante TigresOficial#J8CL2016 #PorLaEducaci\u00f3n LIGA Bancomer MX \u26bd\u26bd #SienteTuLiga \u26bd\u26bd<\/p>\n<p>Posted by <a href=\"https:\/\/www.facebook.com\/LigaBancomerMX\/\">LIGA Bancomer MX<\/a> on S\u00e1bado, 27 de febrero de 2016<\/p><\/blockquote>\n<\/div>\n<\/div>\n<p style=\"text-align: center;\"><span style=\"color: #3366ff;\"><strong><a style=\"color: #3366ff;\" href=\"http:\/\/futboltotal.com.mx\/2016\/02\/en-vivo-tigres-vs-america-liga-mx\/\">LEER M\u00c1S: As\u00ed se vivi\u00f3 | Tigres 4-1 Am\u00e9rica.<\/a><\/strong><\/span><\/p>\n<p>Su alegr\u00eda dur\u00f3 muy poco y en un santiam\u00e9n puso Tigres el empate con gol de Dami\u00e1n \u00c1lvarez. Instantes despu\u00e9s Juninho marc\u00f3 v\u00eda penal y Gignac y Sobis hiceron que la fanaticada local se volcar\u00e1 con todo ante sus \u00eddolos luego de dos aut\u00e9nticos bombazos. Al final, lamentablemente para el Churpias Moreno, su gol fue est\u00e9ril.<\/p>\n<p style=\"text-align: center;\"><span style=\"color: #3366ff;\"><strong><a style=\"color: #3366ff;\" href=\"http:\/\/futboltotal.com.mx\/2016\/02\/mohamed-fue-campeon-cuando-perdio-4-0-en-el-azul\/\">LEER M\u00c1S: Mohamed fue campe\u00f3n cuando perdi\u00f3 4-0 en el Azul. <\/a><\/strong><\/span><\/p>\n","protected":false},"excerpt":{"rendered":"<p>El futbolista de 25 a\u00f1os, marc\u00f3 de manera sorpresiva pero su gol fue est\u00e9ril a la postre <\/p>\n","protected":false},"author":20,"featured_media":361749,"comment_status":"closed","ping_status":"closed","sticky":false,"template":"","format":"standard","meta":[],"categories":[2198,3845,4],"tags":[5959,6833,5973],"_links":{"self":[{"href":"http:\/\/desarrollo.grupomedios.com\/futbol\/wp-json\/wp\/v2\/posts\/361739"}],"collection":[{"href":"http:\/\/desarrollo.grupomedios.com\/futbol\/wp-json\/wp\/v2\/posts"}],"about":[{"href":"http:\/\/desarrollo.grupomedios.com\/futbol\/wp-json\/wp\/v2\/types\/post"}],"author":[{"embeddable":true,"href":"http:\/\/desarrollo.grupomedios.com\/futbol\/wp-json\/wp\/v2\/users\/20"}],"replies":[{"embeddable":true,"href":"http:\/\/desarrollo.grupomedios.com\/futbol\/wp-json\/wp\/v2\/comments?post=361739"}],"version-history":[{"count":0,"href":"http:\/\/desarrollo.grupomedios.com\/futbol\/wp-json\/wp\/v2\/posts\/361739\/revisions"}],"wp:featuredmedia":[{"embeddable":true,"href":"http:\/\/desarrollo.grupomedios.com\/futbol\/wp-json\/wp\/v2\/media\/361749"}],"wp:attachment":[{"href":"http:\/\/desarrollo.grupomedios.com\/futbol\/wp-json\/wp\/v2\/media?parent=361739"}],"wp:term":[{"taxonomy":"category","embeddable":true,"href":"http:\/\/desarrollo.grupomedios.com\/futbol\/wp-json\/wp\/v2\/categories?post=361739"},{"taxonomy":"post_tag","embeddable":true,"href":"http:\/\/desarrollo.grupomedios.com\/futbol\/wp-json\/wp\/v2\/tags?post=361739"}],"curies":[{"name":"wp","href":"https:\/\/api.w.org\/{rel}","templated":true}]}}