{"id":361866,"date":"2016-02-28T15:16:37","date_gmt":"2016-02-28T21:16:37","guid":{"rendered":"http:\/\/futboltotal.com.mx\/?p=361866"},"modified":"2016-02-28T17:04:22","modified_gmt":"2016-02-28T23:04:22","slug":"alan-pulido-marca-en-goleada-de-olympiacos-y-festeja-titulo","status":"publish","type":"post","link":"http:\/\/desarrollo.grupomedios.com\/futbol\/destacado-home\/alan-pulido-marca-en-goleada-de-olympiacos-y-festeja-titulo\/2016\/02","title":{"rendered":"Alan Pulido marca con Olympiacos y&#8230; \u00a1es campe\u00f3n!"},"content":{"rendered":"<p>Este 28 de febrero, <strong>Olympiacos<\/strong> recibi\u00f3 al Veria en el estadio Kara\u00efsk\u00e1kis, para partido correspondiente de la jornada 24 de la Super Liga de Grecia, donde, los dos mexicanos que militan en el balompi\u00e9 hel\u00e9nico: <strong>Alan Pulido<\/strong> y Pedro Arce, vieron actividad.<\/p>\n<p>Tanto <strong>Alan Pulido<\/strong> como Pedro Arce jugaron los 90 minutos del encuentro, pero el ex delantero de Tigres anot\u00f3 uno de los goles con los que Olympiacos venci\u00f3 3-0 al Veria. El tambi\u00e9n mundialista ya acumula 370 minutos en la Super Liga de Grecia y lleva tres anotaciones; mientras que Arce ya suma mil 420, por lo que ya suma su mayor cantidad de tiempo de acci\u00f3n desde que lleg\u00f3 al balompi\u00e9 europeo.<\/p>\n<p><iframe loading=\"lazy\" src=\"https:\/\/www.youtube.com\/embed\/qHQ5B7D_0jo\" frameborder=\"0\" allowfullscreen=\"allowfullscreen\"><\/iframe><\/p>\n<p>Con este resultado, <strong>Olympiacos<\/strong> se mantiene en la cima con 67 unidades, mientras que el Veria tiene 24 puntos y se ubica en la posici\u00f3n 14. Al alcanzar dicha puntuaci\u00f3n, el equipo de <strong>Alan Pulido<\/strong> asegur\u00f3 su t\u00edtulo 43 en la Super Liga de Grecia, pues supera por 21 unidades al segundo lugar, AEK.<\/p>\n<p style=\"text-align: center;\"><span style=\"color: #3366ff;\"><strong><a style=\"color: #3366ff;\" href=\"http:\/\/futboltotal.com.mx\/2016\/02\/me-encantaria-retirarme-en-tigres-alan-pulido\/\" target=\"_blank\">LEER M\u00c1S: Me encantar\u00eda retirarme en Alan Pulido<\/a><\/strong><\/span><\/p>\n<p>Faltas seis jornadas por disputarse, es decir, 18 puntos, por lo que <strong>Olympiacos<\/strong> practicamente asegur\u00f3 el t\u00edtulo, pues AEK y Panathinaikos que se ubican en la segunda y la tercera posici\u00f3n de la Super Liga de Grecia, se enfrentan este domingo.<\/p>\n<p>Ante ello, <strong>Olympiacos<\/strong> ya festeja su t\u00edtulo 43 y en los festejos, Alan Pulido aparece incluido por el club hel\u00e9nico, en sus redes sociales; de confirmarse, el delantero mexicano ya tendr\u00eda entre su palmar\u00e9s, su primer campeonato en Europa.<\/p>\n<blockquote class=\"twitter-tweet\" data-lang=\"es\">\n<p dir=\"ltr\" lang=\"und\"><a href=\"https:\/\/twitter.com\/hashtag\/olympiacos?src=hash\">#olympiacos<\/a> <a href=\"https:\/\/twitter.com\/hashtag\/champions?src=hash\">#champions<\/a> <a href=\"https:\/\/t.co\/Fsol9JXMeS\">https:\/\/t.co\/Fsol9JXMeS<\/a><\/p>\n<p>\u2014 Olympiacos FC (@olympiacos_org) <a href=\"https:\/\/twitter.com\/olympiacos_org\/status\/703957356539977729\">28 de febrero de 2016<\/a><\/p><\/blockquote>\n<p><script src=\"\/\/platform.twitter.com\/widgets.js\" async=\"\" charset=\"utf-8\"><\/script><\/p>\n<blockquote class=\"twitter-tweet\" data-lang=\"es\"><p>\n<a href=\"https:\/\/twitter.com\/hashtag\/%CE%A0%CF%81%CF%89%CF%84%CE%B1%CE%B8%CE%BB%CE%B7%CF%84%CE%AD%CF%82?src=hash\">#\u03a0\u03c1\u03c9\u03c4\u03b1\u03b8\u03bb\u03b7\u03c4\u03ad\u03c2<\/a> <a href=\"https:\/\/twitter.com\/hashtag\/Champions?src=hash\">#Champions<\/a> <a href=\"https:\/\/twitter.com\/hashtag\/Campeones?src=hash\">#Campeones<\/a> <a href=\"https:\/\/twitter.com\/hashtag\/Campe%C3%B5es?src=hash\">#Campe\u00f5es<\/a> <a href=\"https:\/\/twitter.com\/hashtag\/Champion?src=hash\">#Champion<\/a> <a href=\"https:\/\/t.co\/3aySFcWApi\">pic.twitter.com\/3aySFcWApi<\/a><\/p>\n<p>\u2014 Olympiacos FC (@olympiacos_org) <a href=\"https:\/\/twitter.com\/olympiacos_org\/status\/703962724942929920\">28 de febrero de 2016<\/a>\n<\/p><\/blockquote>\n<p><script src=\"\/\/platform.twitter.com\/widgets.js\" async=\"\" charset=\"utf-8\"><\/script><\/p>\n<blockquote class=\"twitter-tweet\" data-lang=\"es\">\n<p dir=\"ltr\" lang=\"und\">43 \u03ba\u03b1\u03b9 \u03c3\u03c5\u03bd\u03b5\u03c7\u03af\u03b6\u03bf\u03c5\u03bc\u03b5&#8230; ! \/ 43 and counting&#8230;! <a href=\"https:\/\/twitter.com\/hashtag\/olympiacos?src=hash\">#olympiacos<\/a> <a href=\"https:\/\/twitter.com\/hashtag\/champions?src=hash\">#champions<\/a> <a href=\"https:\/\/t.co\/UhGo8xbmxu\">pic.twitter.com\/UhGo8xbmxu<\/a><\/p>\n<p>\u2014 Olympiacos FC (@olympiacos_org) <a href=\"https:\/\/twitter.com\/olympiacos_org\/status\/703964843477434368\">28 de febrero de 2016<\/a><\/p><\/blockquote>\n<p><script src=\"\/\/platform.twitter.com\/widgets.js\" async=\"\" charset=\"utf-8\"><\/script><\/p>\n","protected":false},"excerpt":{"rendered":"<p>Anot\u00f3 al Veria donde milita Pedro Arce; y ya festeja su primer t\u00edtulo en Europa<\/p>\n","protected":false},"author":20,"featured_media":362004,"comment_status":"closed","ping_status":"closed","sticky":false,"template":"","format":"standard","meta":[],"categories":[5,3839,6718],"tags":[1607,6091],"_links":{"self":[{"href":"http:\/\/desarrollo.grupomedios.com\/futbol\/wp-json\/wp\/v2\/posts\/361866"}],"collection":[{"href":"http:\/\/desarrollo.grupomedios.com\/futbol\/wp-json\/wp\/v2\/posts"}],"about":[{"href":"http:\/\/desarrollo.grupomedios.com\/futbol\/wp-json\/wp\/v2\/types\/post"}],"author":[{"embeddable":true,"href":"http:\/\/desarrollo.grupomedios.com\/futbol\/wp-json\/wp\/v2\/users\/20"}],"replies":[{"embeddable":true,"href":"http:\/\/desarrollo.grupomedios.com\/futbol\/wp-json\/wp\/v2\/comments?post=361866"}],"version-history":[{"count":0,"href":"http:\/\/desarrollo.grupomedios.com\/futbol\/wp-json\/wp\/v2\/posts\/361866\/revisions"}],"wp:featuredmedia":[{"embeddable":true,"href":"http:\/\/desarrollo.grupomedios.com\/futbol\/wp-json\/wp\/v2\/media\/362004"}],"wp:attachment":[{"href":"http:\/\/desarrollo.grupomedios.com\/futbol\/wp-json\/wp\/v2\/media?parent=361866"}],"wp:term":[{"taxonomy":"category","embeddable":true,"href":"http:\/\/desarrollo.grupomedios.com\/futbol\/wp-json\/wp\/v2\/categories?post=361866"},{"taxonomy":"post_tag","embeddable":true,"href":"http:\/\/desarrollo.grupomedios.com\/futbol\/wp-json\/wp\/v2\/tags?post=361866"}],"curies":[{"name":"wp","href":"https:\/\/api.w.org\/{rel}","templated":true}]}}