{"id":361961,"date":"2016-02-28T14:32:37","date_gmt":"2016-02-28T20:32:37","guid":{"rendered":"http:\/\/futboltotal.com.mx\/?p=361961"},"modified":"2016-02-28T20:58:43","modified_gmt":"2016-02-29T02:58:43","slug":"marco-fabian-y-eintracht-frankfurt-empatan-sin-goles-ante-el-schalke-04","status":"publish","type":"post","link":"http:\/\/desarrollo.grupomedios.com\/futbol\/futbol-internacional\/marco-fabian-y-eintracht-frankfurt-empatan-sin-goles-ante-el-schalke-04\/2016\/02","title":{"rendered":"Marco Fabi\u00e1n y Eintracht Frankfurt no logran ganar"},"content":{"rendered":"<p>En encuentro correspondiente a la jornada 23 de la Bundesliga, el <strong>Eintracht Frankfurt<\/strong> recibi\u00f3 al Schalke 04 en la Commerzbank-Arena, donde el mexicano <strong>Marco Fabi\u00e1n<\/strong> tuvo una regular actuaci\u00f3n y particip\u00f3 los 90 minutos, pero no pudo lograr que su equipo e impusiera en el marcador.<\/p>\n<p>Un participativo <strong>Marco Fabi\u00e1n<\/strong><strong>, <\/strong>comand\u00f3 el ataque del <strong>Eintracht Frankfurt<\/strong> durante todo el encuentro, y aunque dominaron por gran parte del tiempo al Schalke 04, no lograron perforar la meta rival, debido a la falta de contundencia frente a la porter\u00eda<strong>.<\/strong><\/p>\n<p><strong>Marco Fabi\u00e1n<\/strong> tuvo constantemente el bal\u00f3n y envi\u00f3 muchos servicios peligrosos, pero sus compa\u00f1eros no terminaban las jugadas, adem\u00e1s, el mexicano tuvo pocas oportunidades para disparar al marco, lo que redujo las posibilidades de gol del <strong>Eintracht Frankfurt<\/strong>.<\/p>\n<p style=\"text-align: center;\"><span style=\"color: #3366ff;\"><strong><a style=\"color: #3366ff;\" href=\"http:\/\/futboltotal.com.mx\/futbol-internacional\/mexicanos-en-europa\/\" target=\"_blank\">LEER M\u00c1S: Jornada regular para los mexicanos en Europa<\/a><\/strong><\/span><\/p>\n<p>Por otra parte, Klaas Jan Huntelaar fue un peligro constante para la meta del <strong>Eintracht Frankfurt<\/strong>, pues en las oportunidades que tuvo, puso a temblar a la afici\u00f3n del equipo de <strong>Marco Fabi\u00e1n<\/strong>; pero afortunadamente para el mexicano, el holand\u00e9s no pudo marcar para adelantar al Schalke 04.<\/p>\n<p>De esta manera <strong>Eintracht Frankfurt<\/strong> y Schalke 04 negociaron un empate sin goles, y el equipo de <strong>Marco Fabi\u00e1n<\/strong> consigui\u00f3 su tercer empate consecutivo y el quinto sin poder alcanzar la victoria, lo que enciende las alarmas en el equipo por su situaci\u00f3n en la tabla general, en donde ocupan el lugar 15 de 18 y est\u00e1n en zona de riesgo.<\/p>\n","protected":false},"excerpt":{"rendered":"<p>El mexicano particip\u00f3 los 90 minutos ante Schalke 04<\/p>\n","protected":false},"author":20,"featured_media":361963,"comment_status":"closed","ping_status":"closed","sticky":false,"template":"","format":"standard","meta":[],"categories":[3839,6718,5951],"tags":[3588,131],"_links":{"self":[{"href":"http:\/\/desarrollo.grupomedios.com\/futbol\/wp-json\/wp\/v2\/posts\/361961"}],"collection":[{"href":"http:\/\/desarrollo.grupomedios.com\/futbol\/wp-json\/wp\/v2\/posts"}],"about":[{"href":"http:\/\/desarrollo.grupomedios.com\/futbol\/wp-json\/wp\/v2\/types\/post"}],"author":[{"embeddable":true,"href":"http:\/\/desarrollo.grupomedios.com\/futbol\/wp-json\/wp\/v2\/users\/20"}],"replies":[{"embeddable":true,"href":"http:\/\/desarrollo.grupomedios.com\/futbol\/wp-json\/wp\/v2\/comments?post=361961"}],"version-history":[{"count":0,"href":"http:\/\/desarrollo.grupomedios.com\/futbol\/wp-json\/wp\/v2\/posts\/361961\/revisions"}],"wp:featuredmedia":[{"embeddable":true,"href":"http:\/\/desarrollo.grupomedios.com\/futbol\/wp-json\/wp\/v2\/media\/361963"}],"wp:attachment":[{"href":"http:\/\/desarrollo.grupomedios.com\/futbol\/wp-json\/wp\/v2\/media?parent=361961"}],"wp:term":[{"taxonomy":"category","embeddable":true,"href":"http:\/\/desarrollo.grupomedios.com\/futbol\/wp-json\/wp\/v2\/categories?post=361961"},{"taxonomy":"post_tag","embeddable":true,"href":"http:\/\/desarrollo.grupomedios.com\/futbol\/wp-json\/wp\/v2\/tags?post=361961"}],"curies":[{"name":"wp","href":"https:\/\/api.w.org\/{rel}","templated":true}]}}