{"id":361980,"date":"2016-02-28T16:40:56","date_gmt":"2016-02-28T22:40:56","guid":{"rendered":"http:\/\/futboltotal.com.mx\/?p=361980"},"modified":"2016-02-28T16:42:17","modified_gmt":"2016-02-28T22:42:17","slug":"memes-del-ridiculo-de-van-gaal","status":"publish","type":"post","link":"http:\/\/desarrollo.grupomedios.com\/futbol\/galerias\/memes-del-ridiculo-de-van-gaal\/2016\/02","title":{"rendered":"Memes del rid\u00edculo de Van Gaal"},"content":{"rendered":"<p><b>Louis Van Gaal<\/b> nunca deja de sorprender. Ahora, el t\u00e9cnico del Manchester United dio una imagen para recordar en el juego contra el Arsenal, cuando para protestar un \u201cclavado\u201d se tir\u00f3 al suelo, todo frente a la mirada del cuarto oficial del partido.<\/p>\n<p><iframe loading=\"lazy\" src=\"https:\/\/www.youtube.com\/embed\/m2qMzeh_k8s\" frameborder=\"0\" allowfullscreen=\"allowfullscreen\"><\/iframe><\/p>\n<p>&#8220;Estaba un poco emocionado, demasiado pienso yo. Me tuve que disculpar con el \u00e1rbitro\u201d, dijo al final del partido <b>Van Gaal<\/b>, t\u00e9cnico holand\u00e9s de 56 a\u00f1os que ha enfrentado la creciente presi\u00f3n. Y quiz\u00e1s eso fue lo que lo llev\u00f3 a tirarse rid\u00edculamente al pasto. Una escena que desat\u00f3 singulares <b>Memes<\/b>.<\/p>\n<p><a href=\"http:\/\/futboltotal.com.mx\/2016\/02\/memes-del-ridiculo-de-van-gaal\/memes-ridiculo-van-gaal-3\/\" rel=\"attachment wp-att-361987\"><img decoding=\"async\" loading=\"lazy\" class=\"aligncenter size-full wp-image-361987\" src=\"http:\/\/futboltotal.com.mx\/wp-content\/uploads\/2016\/02\/memes-ridiculo-van-gaal-3.jpg\" alt=\"memes-ridiculo-van-gaal-3\" srcset=\"http:\/\/desarrollo.grupomedios.com\/futbol\/wp-content\/uploads\/2016\/02\/memes-ridiculo-van-gaal-3.jpg 820w, http:\/\/desarrollo.grupomedios.com\/futbol\/wp-content\/uploads\/2016\/02\/memes-ridiculo-van-gaal-3-300x201.jpg 300w, http:\/\/desarrollo.grupomedios.com\/futbol\/wp-content\/uploads\/2016\/02\/memes-ridiculo-van-gaal-3-768x514.jpg 768w\" sizes=\"(max-width: 820px) 100vw, 820px\" \/><\/a><\/p>\n<p><a href=\"http:\/\/futboltotal.com.mx\/2016\/02\/memes-del-ridiculo-de-van-gaal\/memes-ridiculo-van-gaal-2\/\" rel=\"attachment wp-att-361986\"><img decoding=\"async\" loading=\"lazy\" class=\"aligncenter size-full wp-image-361986\" src=\"http:\/\/futboltotal.com.mx\/wp-content\/uploads\/2016\/02\/memes-ridiculo-van-gaal-2.jpg\" alt=\"memes-ridiculo-van-gaal-2\" srcset=\"http:\/\/desarrollo.grupomedios.com\/futbol\/wp-content\/uploads\/2016\/02\/memes-ridiculo-van-gaal-2.jpg 820w, http:\/\/desarrollo.grupomedios.com\/futbol\/wp-content\/uploads\/2016\/02\/memes-ridiculo-van-gaal-2-300x202.jpg 300w, http:\/\/desarrollo.grupomedios.com\/futbol\/wp-content\/uploads\/2016\/02\/memes-ridiculo-van-gaal-2-768x517.jpg 768w\" sizes=\"(max-width: 820px) 100vw, 820px\" \/><\/a><\/p>\n<p><a href=\"http:\/\/futboltotal.com.mx\/2016\/02\/memes-del-ridiculo-de-van-gaal\/memes-ridiculo-van-gaal-1\/\" rel=\"attachment wp-att-361985\"><img decoding=\"async\" loading=\"lazy\" class=\"aligncenter size-full wp-image-361985\" src=\"http:\/\/futboltotal.com.mx\/wp-content\/uploads\/2016\/02\/memes-ridiculo-van-gaal-1.jpg\" alt=\"memes-ridiculo-van-gaal-1\" srcset=\"http:\/\/desarrollo.grupomedios.com\/futbol\/wp-content\/uploads\/2016\/02\/memes-ridiculo-van-gaal-1.jpg 820w, http:\/\/desarrollo.grupomedios.com\/futbol\/wp-content\/uploads\/2016\/02\/memes-ridiculo-van-gaal-1-300x209.jpg 300w, http:\/\/desarrollo.grupomedios.com\/futbol\/wp-content\/uploads\/2016\/02\/memes-ridiculo-van-gaal-1-768x535.jpg 768w\" sizes=\"(max-width: 820px) 100vw, 820px\" \/><\/a><\/p>\n<p><a href=\"http:\/\/futboltotal.com.mx\/2016\/02\/memes-del-ridiculo-de-van-gaal\/memes-ridiculo-van-gaal-0\/\" rel=\"attachment wp-att-361984\"><img decoding=\"async\" loading=\"lazy\" class=\"aligncenter size-full wp-image-361984\" src=\"http:\/\/futboltotal.com.mx\/wp-content\/uploads\/2016\/02\/memes-ridiculo-van-gaal-0.jpg\" alt=\"memes-ridiculo-van-gaal-0\" srcset=\"http:\/\/desarrollo.grupomedios.com\/futbol\/wp-content\/uploads\/2016\/02\/memes-ridiculo-van-gaal-0.jpg 820w, http:\/\/desarrollo.grupomedios.com\/futbol\/wp-content\/uploads\/2016\/02\/memes-ridiculo-van-gaal-0-300x203.jpg 300w, http:\/\/desarrollo.grupomedios.com\/futbol\/wp-content\/uploads\/2016\/02\/memes-ridiculo-van-gaal-0-768x519.jpg 768w\" sizes=\"(max-width: 820px) 100vw, 820px\" \/><\/a><\/p>\n<p><a href=\"http:\/\/futboltotal.com.mx\/2016\/02\/memes-del-ridiculo-de-van-gaal\/memes-ridiculo-van-gaal-4\/\" rel=\"attachment wp-att-361990\"><img decoding=\"async\" loading=\"lazy\" src=\"http:\/\/futboltotal.com.mx\/wp-content\/uploads\/2016\/02\/memes-ridiculo-van-gaal-4.jpg\" alt=\"memes-ridiculo-van-gaal-4\" class=\"aligncenter size-full wp-image-361990\" srcset=\"http:\/\/desarrollo.grupomedios.com\/futbol\/wp-content\/uploads\/2016\/02\/memes-ridiculo-van-gaal-4.jpg 820w, http:\/\/desarrollo.grupomedios.com\/futbol\/wp-content\/uploads\/2016\/02\/memes-ridiculo-van-gaal-4-300x205.jpg 300w, http:\/\/desarrollo.grupomedios.com\/futbol\/wp-content\/uploads\/2016\/02\/memes-ridiculo-van-gaal-4-768x524.jpg 768w\" sizes=\"(max-width: 820px) 100vw, 820px\" \/><\/a><\/p>\n<p><a href=\"http:\/\/futboltotal.com.mx\/2016\/02\/memes-del-ridiculo-de-van-gaal\/memes-ridiculo-van-gaal-5\/\" rel=\"attachment wp-att-361991\"><img decoding=\"async\" loading=\"lazy\" src=\"http:\/\/futboltotal.com.mx\/wp-content\/uploads\/2016\/02\/memes-ridiculo-van-gaal-5.jpg\" alt=\"memes-ridiculo-van-gaal-5\" class=\"aligncenter size-full wp-image-361991\" srcset=\"http:\/\/desarrollo.grupomedios.com\/futbol\/wp-content\/uploads\/2016\/02\/memes-ridiculo-van-gaal-5.jpg 820w, http:\/\/desarrollo.grupomedios.com\/futbol\/wp-content\/uploads\/2016\/02\/memes-ridiculo-van-gaal-5-300x236.jpg 300w, http:\/\/desarrollo.grupomedios.com\/futbol\/wp-content\/uploads\/2016\/02\/memes-ridiculo-van-gaal-5-768x603.jpg 768w\" sizes=\"(max-width: 820px) 100vw, 820px\" \/><\/a><\/p>\n<p><a href=\"http:\/\/futboltotal.com.mx\/2016\/02\/memes-del-ridiculo-de-van-gaal\/memes-ridiculo-van-gaal-6\/\" rel=\"attachment wp-att-361992\"><img decoding=\"async\" loading=\"lazy\" src=\"http:\/\/futboltotal.com.mx\/wp-content\/uploads\/2016\/02\/memes-ridiculo-van-gaal-6.jpg\" alt=\"memes-ridiculo-van-gaal-6\" class=\"aligncenter size-full wp-image-361992\" srcset=\"http:\/\/desarrollo.grupomedios.com\/futbol\/wp-content\/uploads\/2016\/02\/memes-ridiculo-van-gaal-6.jpg 820w, http:\/\/desarrollo.grupomedios.com\/futbol\/wp-content\/uploads\/2016\/02\/memes-ridiculo-van-gaal-6-300x225.jpg 300w, http:\/\/desarrollo.grupomedios.com\/futbol\/wp-content\/uploads\/2016\/02\/memes-ridiculo-van-gaal-6-768x576.jpg 768w\" sizes=\"(max-width: 820px) 100vw, 820px\" \/><\/a><\/p>\n<p><a href=\"http:\/\/futboltotal.com.mx\/2016\/02\/memes-del-ridiculo-de-van-gaal\/memes-ridiculo-van-gaal-7\/\" rel=\"attachment wp-att-361993\"><img decoding=\"async\" loading=\"lazy\" src=\"http:\/\/futboltotal.com.mx\/wp-content\/uploads\/2016\/02\/memes-ridiculo-van-gaal-7.jpg\" alt=\"memes-ridiculo-van-gaal-7\" class=\"aligncenter size-full wp-image-361993\" srcset=\"http:\/\/desarrollo.grupomedios.com\/futbol\/wp-content\/uploads\/2016\/02\/memes-ridiculo-van-gaal-7.jpg 820w, http:\/\/desarrollo.grupomedios.com\/futbol\/wp-content\/uploads\/2016\/02\/memes-ridiculo-van-gaal-7-300x196.jpg 300w, http:\/\/desarrollo.grupomedios.com\/futbol\/wp-content\/uploads\/2016\/02\/memes-ridiculo-van-gaal-7-768x502.jpg 768w\" sizes=\"(max-width: 820px) 100vw, 820px\" \/><\/a><\/p>\n","protected":false},"excerpt":{"rendered":"<p>El DT del Manchester United dio una imagen para recordar<\/p>\n","protected":false},"author":20,"featured_media":361983,"comment_status":"closed","ping_status":"closed","sticky":false,"template":"","format":"standard","meta":[],"categories":[3,3846,6409],"tags":[4949,5198],"_links":{"self":[{"href":"http:\/\/desarrollo.grupomedios.com\/futbol\/wp-json\/wp\/v2\/posts\/361980"}],"collection":[{"href":"http:\/\/desarrollo.grupomedios.com\/futbol\/wp-json\/wp\/v2\/posts"}],"about":[{"href":"http:\/\/desarrollo.grupomedios.com\/futbol\/wp-json\/wp\/v2\/types\/post"}],"author":[{"embeddable":true,"href":"http:\/\/desarrollo.grupomedios.com\/futbol\/wp-json\/wp\/v2\/users\/20"}],"replies":[{"embeddable":true,"href":"http:\/\/desarrollo.grupomedios.com\/futbol\/wp-json\/wp\/v2\/comments?post=361980"}],"version-history":[{"count":0,"href":"http:\/\/desarrollo.grupomedios.com\/futbol\/wp-json\/wp\/v2\/posts\/361980\/revisions"}],"wp:featuredmedia":[{"embeddable":true,"href":"http:\/\/desarrollo.grupomedios.com\/futbol\/wp-json\/wp\/v2\/media\/361983"}],"wp:attachment":[{"href":"http:\/\/desarrollo.grupomedios.com\/futbol\/wp-json\/wp\/v2\/media?parent=361980"}],"wp:term":[{"taxonomy":"category","embeddable":true,"href":"http:\/\/desarrollo.grupomedios.com\/futbol\/wp-json\/wp\/v2\/categories?post=361980"},{"taxonomy":"post_tag","embeddable":true,"href":"http:\/\/desarrollo.grupomedios.com\/futbol\/wp-json\/wp\/v2\/tags?post=361980"}],"curies":[{"name":"wp","href":"https:\/\/api.w.org\/{rel}","templated":true}]}}