{"id":362127,"date":"2016-02-29T09:05:16","date_gmt":"2016-02-29T15:05:16","guid":{"rendered":"http:\/\/futboltotal.com.mx\/?p=362127"},"modified":"2016-02-29T09:05:31","modified_gmt":"2016-02-29T15:05:31","slug":"ridiculizan-a-cristiano-en-caricatura","status":"publish","type":"post","link":"http:\/\/desarrollo.grupomedios.com\/futbol\/destacado-home\/ridiculizan-a-cristiano-en-caricatura\/2016\/02","title":{"rendered":"\u00a1Ridiculizan a Cristiano en caricatura!"},"content":{"rendered":"<p>El <strong>Real Madrid<\/strong> tir\u00f3 la <strong><span style=\"color: #3366ff;\"><a style=\"color: #3366ff;\" href=\"http:\/\/futboltotal.com.mx\/estadisticas\/estadisticas-liga-mx\/\">Liga Espa\u00f1ola<\/a><\/span><\/strong> el d\u00eda s\u00e1bado. As\u00ed\u00a0<span style=\"color: #3366ff;\"><a style=\"color: #3366ff;\" href=\"http:\/\/futboltotal.com.mx\/2016\/02\/real-madrid-se-resigna-a-no-ganar-la-liga\/\">lo hizo saber el t\u00e9cnico<\/a><\/span> del equipo, Zinedine Zidane, se\u00f1alando que es imposible revertir los doce puntos que Barcelona tiene de ventaja sobre el equipo, adem\u00e1s de revelar que &#8220;perder un derbi as\u00ed es una mierda\u201d, ante la derrota en el Santiago Bernab\u00e9u por la m\u00ednima ante el Atl\u00e9tico.<\/p>\n<p>Otro que se explay\u00f3 en sus declaraciones fue <strong>Cristiano Ronaldo<\/strong> y vaya que caus\u00f3 un revuelo impresionante por sus frases.\u00a0&#8220;Si todos estuvieran a mi nivel, ir\u00edamos los primeros&#8221;, situaci\u00f3n que aument\u00f3 la tensi\u00f3n por el descalabro y le gener\u00f3 cr\u00edticas en todo el mundo por su faceta ego\u00edsta, pese a que horas despu\u00e9s quiso recular en lo dicho..<\/p>\n<p style=\"text-align: center;\"><span style=\"color: #3366ff;\"><a style=\"color: #3366ff;\" href=\"http:\/\/futboltotal.com.mx\/2016\/02\/cristiano-ronaldo-critica-a-sus-companeros\/\"><strong>LEER M\u00c1S: Cristiano Ronaldo critica a sus compa\u00f1eros.<\/strong><\/a>\u00a0<\/span><\/p>\n<p>Este lunes no solo hubo cr\u00edticas, tambi\u00e9n burlas.\u00a0El diario franc\u00e9s <em>L&#8217;Equipe<\/em> caricaturiz\u00f3\u00a0a <strong>Cristiano Ronaldo<\/strong>.\u00a0El portugu\u00e9s aparece arriba de un\u00a0coche de alta gama mientras grita a sus compa\u00f1eros: &#8220;Empujar m\u00e1s fuerte. Sois verdaderamente in\u00fatiles&#8221;.<\/p>\n<p><a href=\"http:\/\/futboltotal.com.mx\/wp-content\/uploads\/2016\/02\/LEquipe-ridiculiza-a-Cristiano.jpg\" rel=\"attachment wp-att-362128\"><img decoding=\"async\" loading=\"lazy\" class=\"alignnone size-full wp-image-362128\" src=\"http:\/\/futboltotal.com.mx\/wp-content\/uploads\/2016\/02\/LEquipe-ridiculiza-a-Cristiano.jpg\" alt=\"L'Equipe ridiculiza a Cristiano\" srcset=\"http:\/\/desarrollo.grupomedios.com\/futbol\/wp-content\/uploads\/2016\/02\/LEquipe-ridiculiza-a-Cristiano.jpg 653w, http:\/\/desarrollo.grupomedios.com\/futbol\/wp-content\/uploads\/2016\/02\/LEquipe-ridiculiza-a-Cristiano-213x300.jpg 213w\" sizes=\"(max-width: 653px) 100vw, 653px\" \/><\/a><\/p>\n<p style=\"text-align: center;\"><span style=\"color: #3366ff;\"><strong><a style=\"color: #3366ff;\" href=\"http:\/\/futboltotal.com.mx\/2016\/02\/barcelona-iguala-historica-marca-del-real-madrid\/\">LEER M\u00c1S: Barcelona iguala hist\u00f3rica marca del Real Madrid.<\/a><\/strong><\/span><\/p>\n","protected":false},"excerpt":{"rendered":"<p>Tras sus declaraciones sobre el rendimiento de sus compa\u00f1eros, L&#8217;Equipe lo destroz\u00f3 <\/p>\n","protected":false},"author":20,"featured_media":362131,"comment_status":"closed","ping_status":"closed","sticky":false,"template":"","format":"standard","meta":[],"categories":[5,3839,3844],"tags":[6013,5988],"_links":{"self":[{"href":"http:\/\/desarrollo.grupomedios.com\/futbol\/wp-json\/wp\/v2\/posts\/362127"}],"collection":[{"href":"http:\/\/desarrollo.grupomedios.com\/futbol\/wp-json\/wp\/v2\/posts"}],"about":[{"href":"http:\/\/desarrollo.grupomedios.com\/futbol\/wp-json\/wp\/v2\/types\/post"}],"author":[{"embeddable":true,"href":"http:\/\/desarrollo.grupomedios.com\/futbol\/wp-json\/wp\/v2\/users\/20"}],"replies":[{"embeddable":true,"href":"http:\/\/desarrollo.grupomedios.com\/futbol\/wp-json\/wp\/v2\/comments?post=362127"}],"version-history":[{"count":0,"href":"http:\/\/desarrollo.grupomedios.com\/futbol\/wp-json\/wp\/v2\/posts\/362127\/revisions"}],"wp:featuredmedia":[{"embeddable":true,"href":"http:\/\/desarrollo.grupomedios.com\/futbol\/wp-json\/wp\/v2\/media\/362131"}],"wp:attachment":[{"href":"http:\/\/desarrollo.grupomedios.com\/futbol\/wp-json\/wp\/v2\/media?parent=362127"}],"wp:term":[{"taxonomy":"category","embeddable":true,"href":"http:\/\/desarrollo.grupomedios.com\/futbol\/wp-json\/wp\/v2\/categories?post=362127"},{"taxonomy":"post_tag","embeddable":true,"href":"http:\/\/desarrollo.grupomedios.com\/futbol\/wp-json\/wp\/v2\/tags?post=362127"}],"curies":[{"name":"wp","href":"https:\/\/api.w.org\/{rel}","templated":true}]}}