{"id":362165,"date":"2016-02-29T14:08:09","date_gmt":"2016-02-29T20:08:09","guid":{"rendered":"http:\/\/futboltotal.com.mx\/?p=362165"},"modified":"2016-02-29T14:08:09","modified_gmt":"2016-02-29T20:08:09","slug":"real-madrid-sufre-la-baja-de-benzema","status":"publish","type":"post","link":"http:\/\/desarrollo.grupomedios.com\/futbol\/futbol-internacional\/real-madrid-sufre-la-baja-de-benzema\/2016\/02","title":{"rendered":"Real Madrid sufre la baja de Benzema"},"content":{"rendered":"<p>El <strong>Real Madrid<\/strong> confirm\u00f3 este lunes la baja del delantero franc\u00e9s <strong>Karim Benzema<\/strong>, quien se lesion\u00f3 el pasado fin de semana durante el derbi ante Atl\u00e9tico de Madrid. El club confirm\u00f3 que el franc\u00e9s padece una lesi\u00f3n en el b\u00edceps femoral de la pierna derecha y por ahora se desconoce el tiempo que estar\u00e1 fuera de actividad.<\/p>\n<p><strong>Benzema<\/strong> fue sometido a pruebas m\u00e9dicas la ma\u00f1ana de hoy y m\u00e1s tarde confirm\u00f3 en un parte m\u00e9dico la lesi\u00f3n del delantero: &#8220;Tras las pruebas realizadas al jugador en el Hospital Universitario Sanitas La Moraleja se le ha diagnosticado una lesi\u00f3n muscular en el b\u00edceps femoral derecho. Pendiente de evoluci\u00f3n&#8221;.<\/p>\n<p style=\"text-align: center;\"><span style=\"color: #3366ff;\"><strong><a style=\"color: #3366ff;\" href=\"http:\/\/futboltotal.com.mx\/futbol-internacional\/\">LEER M\u00c1S: Todas las noticias de futbol internacional<\/a><\/strong><\/span><\/p>\n<p>Pese a que no se defini\u00f3 el tiempo de recuperaci\u00f3n, se estima que el goleador est\u00e9 entre tres y cuatro semanas sin poder jugar, por lo que se perder\u00e1 los partidos de liga ante Levante, Celta y Las Palmas y la vuelta de los Octavos de Final de Champions League ante la Roma.<\/p>\n<p>Si Benzema consigue recuperarse en el tiempo estimado podr\u00eda reaparecer para el partido ante Sevilla, que se jugar\u00e1 el 20 de marzo en el\u00a0 Santiago Bernab\u00e9u.<\/p>\n<p style=\"text-align: center;\"><strong><span style=\"color: #3366ff;\"><a style=\"color: #3366ff;\" href=\"http:\/\/futboltotal.com.mx\/futbol-internacional\/\">LEER M\u00c1S: Todas las noticias del Real Madrid <\/a><\/span><\/strong><\/p>\n","protected":false},"excerpt":{"rendered":"<p>El delantero no estar\u00e1 disponible para jugar la vuelta de Octavos de Champions ante Roma<\/p>\n","protected":false},"author":20,"featured_media":362205,"comment_status":"closed","ping_status":"closed","sticky":false,"template":"","format":"standard","meta":[],"categories":[3839,3844,5951],"tags":[1961,5988],"_links":{"self":[{"href":"http:\/\/desarrollo.grupomedios.com\/futbol\/wp-json\/wp\/v2\/posts\/362165"}],"collection":[{"href":"http:\/\/desarrollo.grupomedios.com\/futbol\/wp-json\/wp\/v2\/posts"}],"about":[{"href":"http:\/\/desarrollo.grupomedios.com\/futbol\/wp-json\/wp\/v2\/types\/post"}],"author":[{"embeddable":true,"href":"http:\/\/desarrollo.grupomedios.com\/futbol\/wp-json\/wp\/v2\/users\/20"}],"replies":[{"embeddable":true,"href":"http:\/\/desarrollo.grupomedios.com\/futbol\/wp-json\/wp\/v2\/comments?post=362165"}],"version-history":[{"count":0,"href":"http:\/\/desarrollo.grupomedios.com\/futbol\/wp-json\/wp\/v2\/posts\/362165\/revisions"}],"wp:featuredmedia":[{"embeddable":true,"href":"http:\/\/desarrollo.grupomedios.com\/futbol\/wp-json\/wp\/v2\/media\/362205"}],"wp:attachment":[{"href":"http:\/\/desarrollo.grupomedios.com\/futbol\/wp-json\/wp\/v2\/media?parent=362165"}],"wp:term":[{"taxonomy":"category","embeddable":true,"href":"http:\/\/desarrollo.grupomedios.com\/futbol\/wp-json\/wp\/v2\/categories?post=362165"},{"taxonomy":"post_tag","embeddable":true,"href":"http:\/\/desarrollo.grupomedios.com\/futbol\/wp-json\/wp\/v2\/tags?post=362165"}],"curies":[{"name":"wp","href":"https:\/\/api.w.org\/{rel}","templated":true}]}}